{"id":24554,"date":"2022-12-19T13:31:51","date_gmt":"2022-12-19T18:01:51","guid":{"rendered":"https:\/\/elmundodelosnegocios.com.do\/v1\/?p=24554"},"modified":"2022-12-19T13:31:53","modified_gmt":"2022-12-19T18:01:53","slug":"jac-establece-importantes-negociaciones-de-servicios-aereos-en-ican2022","status":"publish","type":"post","link":"https:\/\/elmundodelosnegocios.com.do\/v1\/jac-establece-importantes-negociaciones-de-servicios-aereos-en-ican2022\/","title":{"rendered":"JAC establece importantes negociaciones de servicios a\u00e9reos en ICAN2022"},"content":{"rendered":"\n<ul class=\"wp-block-list\">\n<li><em>Rep\u00fablica Dominicana amplia conectividad a\u00e9rea a trav\u00e9s de la Junta de Aviaci\u00f3n Civil con el establecimiento de nuevas negociaciones de servicios a\u00e9reos con m\u00e1s de 20 pa\u00edses, entre ellos&nbsp;Rep\u00fablica de Seychelles,&nbsp;Suiza y la Rep\u00fablica Checa.<\/em><\/li>\n<\/ul>\n\n\n\n<p><strong>Santo Domingo.<\/strong>&nbsp;\u2013&nbsp;Con el fin de fortalecer la conectividad lograda en el territorio dominicano, y consecuentemente el crecimiento de las operaciones a\u00e9reas,&nbsp;la Rep\u00fablica Dominicana a trav\u00e9s de la Junta de Aviaci\u00f3n Civil (JAC) particip\u00f3 del 5 al 9 diciembre de 2022 en el decimocuarto Evento de Negociaci\u00f3n de Servicios A\u00e9reos de la Organizaci\u00f3n de Aviaci\u00f3n Civil Internacional (OACI) -ICAN\/2022-,&nbsp;escenario donde se&nbsp;promovi\u00f3 de manera estrat\u00e9gica las relaciones aerocomerciales del pa\u00eds.&nbsp;As\u00ed lo dio a conocer el doctor Jos\u00e9 Ernesto Marte Piantini, en la \u00faltima sesi\u00f3n ordinaria del pleno de la JAC de este a\u00f1o.<\/p>\n\n\n\n<p>Marte Piantini inform\u00f3 que la delegaci\u00f3n dominicana que particip\u00f3 de forma virtual, y estuvo conformada por&nbsp;Nasim Antonio Yapor Alba,&nbsp;miembro del pleno de la JAC y&nbsp;quien preside la Comisi\u00f3n de Acuerdos de la JAC; la doctora Paola Pl\u00e1 Puello, secretaria de la JAC; la licenciada Juberkis Luciano Familia, encargada de Transporte A\u00e9reo de la JAC y Mar\u00eda Luisa Hern\u00e1ndez, coordinadora de la Secci\u00f3n de Acuerdo Internacionales.&nbsp;<\/p>\n\n\n\n<p>El presidente del organismo indic\u00f3 que desde&nbsp;agosto del 2010, a\u00f1o en que fue aprobada la Pol\u00edtica A\u00e9rea de la Rep\u00fablica Dominicana, la Junta de Aviaci\u00f3n Civil asumi\u00f3 la responsabilidad de suscribir nuevos acuerdos de servicios a\u00e9reos con otras naciones, lo que ha sido reforzado en el gobierno del presidente Abinader, logrando importantes convenios.<\/p>\n\n\n\n<p>Agreg\u00f3 que este a\u00f1o la Rep\u00fablica Dominicana&nbsp;como&nbsp;miembro de la OACI&nbsp;tuvo una participaci\u00f3n estelar, llevando a cabo importantes reuniones con distintas autoridades del sector. \u201cLa aviaci\u00f3n civil es el&nbsp;principal medio de transporte internacional y el m\u00e1s usado por los dominicanos, por eso esta gesti\u00f3n realiz\u00f3 grandes esfuerzos en participar en este evento que esta vez se llev\u00f3 a cabo desde la ciudad de Abuja, Nigeria\u201d, explic\u00f3.&nbsp;<\/p>\n\n\n\n<p><strong>Avances de las Negociaciones<\/strong><\/p>\n\n\n\n<p>El presidente del pleno afirm\u00f3 que&nbsp;el pa\u00eds, a trav\u00e9s de la JAC, se encuentra negociando instrumentos de servicios a\u00e9reos con m\u00e1s de 20 pa\u00edses, entre ellos Canad\u00e1, Brasil, Cuba, Argentina, M\u00e9xico, Letonia, Polonia, Islandia y Arabia Saudita. Inform\u00f3 adem\u00e1s que en el marco del ICAN 2022, la delegaci\u00f3n dominicana realiz\u00f3 importantes encuentros, uno de ellos con la delegaci\u00f3n de la Rep\u00fablica Checa, para la revisi\u00f3n del texto del Protocolo de Enmienda al Acuerdo de Servicios A\u00e9reos (ASA).<\/p>\n\n\n\n<p>Asimismo, la delegaci\u00f3n dominicana sostuvo una reuni\u00f3n con la delegaci\u00f3n de Suiza, donde definieron todos los puntos relevantes para la modernizaci\u00f3n del acuerdo vigente y la firma de un acuerdo de servicios a\u00e9reos entre ambos Estados.&nbsp;<\/p>\n\n\n\n<p>En ese mismo sentido, las delegaciones que representaron las autoridades de aviaci\u00f3n civil de la Rep\u00fablica Dominicana y la Rep\u00fablica de Seychelles revisaron el Protocolo de Enmienda al Acuerdo de Servicios A\u00e9reos entre ambos gobiernos suscrito en fecha 3 de diciembre de 2019.<\/p>\n\n\n\n<p><strong>\u00daltima sesi\u00f3n<\/strong><\/p>\n\n\n\n<p>En su sesi\u00f3n de este mi\u00e9rcoles, el pleno de la JAC conoci\u00f3 la solicitud de Permiso Especial del operador a\u00e9reo extranjero&nbsp;Turpial Airlines para operar la ruta&nbsp;Valencia, Venezuela \/Punta Cana.<\/p>\n\n\n\n<p>Entre enero de 2021 a octubre de 2022 Turpial&nbsp;Airlines moviliz\u00f3 32,915 pasajeros en 695 operaciones. La solicitud de este operador est\u00e1 orientada a la realizaci\u00f3n 52 vuelos ida y vuelta, bajo la modalidad de Permiso Especial, desde el 2 de enero de 2023 hasta el 2 de julio de 2023, con una frecuencia de 2 vuelos a la semana, los jueves y domingo.<\/p>\n","protected":false},"excerpt":{"rendered":"<p>Santo Domingo.&nbsp;\u2013&nbsp;Con el fin de fortalecer la conectividad lograda en el territorio dominicano, y consecuentemente el crecimiento de las operaciones a\u00e9reas,&nbsp;la Rep\u00fablica Dominicana a trav\u00e9s de la Junta de Aviaci\u00f3n&hellip; <\/p>\n","protected":false},"author":2,"featured_media":24555,"comment_status":"closed","ping_status":"closed","sticky":false,"template":"","format":"standard","meta":{"fifu_image_url":"","fifu_image_alt":"","footnotes":""},"categories":[168],"tags":[],"class_list":["post-24554","post","type-post","status-publish","format-standard","has-post-thumbnail","hentry","category-transporte-aereo"],"_links":{"self":[{"href":"https:\/\/elmundodelosnegocios.com.do\/v1\/wp-json\/wp\/v2\/posts\/24554","targetHints":{"allow":["GET"]}}],"collection":[{"href":"https:\/\/elmundodelosnegocios.com.do\/v1\/wp-json\/wp\/v2\/posts"}],"about":[{"href":"https:\/\/elmundodelosnegocios.com.do\/v1\/wp-json\/wp\/v2\/types\/post"}],"author":[{"embeddable":true,"href":"https:\/\/elmundodelosnegocios.com.do\/v1\/wp-json\/wp\/v2\/users\/2"}],"replies":[{"embeddable":true,"href":"https:\/\/elmundodelosnegocios.com.do\/v1\/wp-json\/wp\/v2\/comments?post=24554"}],"version-history":[{"count":0,"href":"https:\/\/elmundodelosnegocios.com.do\/v1\/wp-json\/wp\/v2\/posts\/24554\/revisions"}],"wp:featuredmedia":[{"embeddable":true,"href":"https:\/\/elmundodelosnegocios.com.do\/v1\/wp-json\/wp\/v2\/media\/24555"}],"wp:attachment":[{"href":"https:\/\/elmundodelosnegocios.com.do\/v1\/wp-json\/wp\/v2\/media?parent=24554"}],"wp:term":[{"taxonomy":"category","embeddable":true,"href":"https:\/\/elmundodelosnegocios.com.do\/v1\/wp-json\/wp\/v2\/categories?post=24554"},{"taxonomy":"post_tag","embeddable":true,"href":"https:\/\/elmundodelosnegocios.com.do\/v1\/wp-json\/wp\/v2\/tags?post=24554"}],"curies":[{"name":"wp","href":"https:\/\/api.w.org\/{rel}","templated":true}]}}