{"id":24559,"date":"2022-12-20T03:01:13","date_gmt":"2022-12-20T07:31:13","guid":{"rendered":"https:\/\/elmundodelosnegocios.com.do\/v1\/index.php\/2022\/12\/20\/sharp-en-ces-2023\/"},"modified":"2022-12-20T03:01:13","modified_gmt":"2022-12-20T07:31:13","slug":"sharp-en-ces-2023","status":"publish","type":"post","link":"https:\/\/elmundodelosnegocios.com.do\/v1\/sharp-en-ces-2023\/","title":{"rendered":"Sharp en CES 2023"},"content":{"rendered":"<p>LAS VEGAS y OSAKA (Jap\u00f3n)&#8211;(BUSINESS WIRE)&#8211;Sharp Corporation (TOKYO:6753) va a concretar su regreso a CES 2023 con productos y tecnolog\u00edas de avanzada que personifican la gesti\u00f3n orientada a ESG de la empresa con sus cuatro lemas: Nuevas energ\u00edas, Automotores, Realidad aumentada\/realidad virtual y TV.<\/p>\n<p>Ubicaci\u00f3n de la cabina de Sharp:<br \/>\nSala Petrus, Hotel Wynn Las Vegas3131 Las Vegas Blvd., Las Vegas, NV 89109, EE. UU.<\/p>\n<p>Fechas y horarios de la exposici\u00f3n:<br \/>\nDel 5 al 8 de enero de 2023 (de jueves a domingo), de 10 a. m. a 5 p. m.<\/p>\n<p>Sharp revelar\u00e1 por primera vez fuera de Jap\u00f3n su tecnolog\u00eda LC-LH (recolecci\u00f3n de luz de cristal y l\u00edquida), un dispositivo fotovoltaico de interiores desarrollado mediante la integraci\u00f3n de c\u00e9lulas solares con tinte fotosensible y tecnolog\u00eda LCD. Adem\u00e1s, Sharp exhibir\u00e1 c\u00e9lulas solares de perovskita, una tecnolog\u00eda que est\u00e1 suscitando mucha atenci\u00f3n como la pr\u00f3xima generaci\u00f3n de c\u00e9lulas solares.<\/p>\n<p>Se presentar\u00e1n pantallas informativas para pasajeros que utilizan control de \u00e1ngulo de visualizaci\u00f3n como dispositivos de autom\u00f3viles avanzados. Se espera instalar los m\u00f3dulos fotovoltaicos compuestos con la eficiencia de conversi\u00f3n m\u00e1s alta del mundo*1 en productos como veh\u00edculos el\u00e9ctricos, adem\u00e1s de su uso en aplicaciones aeroespaciales y de aviaci\u00f3n.<\/p>\n<p>Los prototipos de pantallas de montaje superior de peso ultraliviano para realidad virtual (RV) equipadas con los dispositivos m\u00e1s recientes, como una pantalla de resoluci\u00f3n ultralta, una c\u00e1mara de enfoque autom\u00e1tico de velocidad ultralta y un sensor de proximidad ultracompacto, se exhibir\u00e1n en el sector de RA\/RV.<\/p>\n<p>Los visitantes podr\u00e1n experimentar una nueva generaci\u00f3n de im\u00e1genes con una incre\u00edble expresividad de brillo y color posibilitada por la retroiluminaci\u00f3n de mini LED y la tecnolog\u00eda de punto cu\u00e1ntico para el modelo insignia de TV XLED AQUOS para el mercado global. Adem\u00e1s, Sharp revelar\u00e1 un prototipo de uno de los modelos de 120 pulgadas*2 m\u00e1s grandes del mundo*3 por primera vez.<\/p>\n<p>Acerca de Sharp<\/p>\n<p>Sharp Corporation es un l\u00edder mundial de productos innovadores y tecnolog\u00edas base que tienen un papel fundamental en el futuro de la electr\u00f3nica. Junto con la alta tecnolog\u00eda que constituye su n\u00facleo, Sharp ha desarrollado muchos dispositivos y hardware \u201cnovedad mundial\u201d, \u201cnovedad para Jap\u00f3n\u201d y \u201cnovedad para la industria\u201d. Gracias a estos desarrollos, que son el origen de innovaciones continuas, Sharp seguir\u00e1 revolucionando el mundo. Sharp Corporation emplea a 48.165 personas en todo el mundo (al 30 de septiembre de 2022) y registr\u00f3 ventas anuales consolidadas por 2500 billones de yenes en el a\u00f1o fiscal que finaliz\u00f3 el 31 de marzo de 2022.<\/p>\n<p>*1 Al 15 de diciembre de 2022, para m\u00f3dulos fotovoltaicos en el \u00e1mbito investigativo (seg\u00fan los hallazgos de Sharp).<\/p>\n<p>*2 El XLED AQUOS de 120 pulgadas no est\u00e1 equipado con un sintonizador para recibir transmisiones de TV.<\/p>\n<p>*3 Al 15 de diciembre de 2022, para LCD equipados con retroiluminaci\u00f3n mini LED (seg\u00fan los hallazgos de Sharp).<\/p>\n<p>\u00a0El texto original en el idioma fuente de este comunicado es la versi\u00f3n oficial autorizada. Las traducciones solo se suministran como adaptaci\u00f3n y deben cotejarse con el texto en el idioma fuente, que es la \u00fanica versi\u00f3n del texto que tendr\u00e1 un efecto legal.<br \/>\n Contacts<br \/>\nSharp Corporation<br \/>\nEquipo de RR. PP.\/imagen de marca<br \/>\npr-brand@sharp.co.jp<\/p>\n","protected":false},"excerpt":{"rendered":"<p>LAS VEGAS y OSAKA (Jap\u00f3n)&#8211;(BUSINESS WIRE)&#8211;Sharp Corporation (TOKYO:6753) va a concretar su regreso a CES 2023 con productos y tecnolog\u00edas de avanzada que personifican la gesti\u00f3n orientada a ESG de&hellip; <\/p>\n","protected":false},"author":2,"featured_media":24560,"comment_status":"closed","ping_status":"closed","sticky":false,"template":"","format":"standard","meta":{"fifu_image_url":"","fifu_image_alt":"","footnotes":""},"categories":[252],"tags":[253],"class_list":["post-24559","post","type-post","status-publish","format-standard","has-post-thumbnail","hentry","category-business-wire","tag-business-wire"],"_links":{"self":[{"href":"https:\/\/elmundodelosnegocios.com.do\/v1\/wp-json\/wp\/v2\/posts\/24559","targetHints":{"allow":["GET"]}}],"collection":[{"href":"https:\/\/elmundodelosnegocios.com.do\/v1\/wp-json\/wp\/v2\/posts"}],"about":[{"href":"https:\/\/elmundodelosnegocios.com.do\/v1\/wp-json\/wp\/v2\/types\/post"}],"author":[{"embeddable":true,"href":"https:\/\/elmundodelosnegocios.com.do\/v1\/wp-json\/wp\/v2\/users\/2"}],"replies":[{"embeddable":true,"href":"https:\/\/elmundodelosnegocios.com.do\/v1\/wp-json\/wp\/v2\/comments?post=24559"}],"version-history":[{"count":0,"href":"https:\/\/elmundodelosnegocios.com.do\/v1\/wp-json\/wp\/v2\/posts\/24559\/revisions"}],"wp:featuredmedia":[{"embeddable":true,"href":"https:\/\/elmundodelosnegocios.com.do\/v1\/wp-json\/wp\/v2\/media\/24560"}],"wp:attachment":[{"href":"https:\/\/elmundodelosnegocios.com.do\/v1\/wp-json\/wp\/v2\/media?parent=24559"}],"wp:term":[{"taxonomy":"category","embeddable":true,"href":"https:\/\/elmundodelosnegocios.com.do\/v1\/wp-json\/wp\/v2\/categories?post=24559"},{"taxonomy":"post_tag","embeddable":true,"href":"https:\/\/elmundodelosnegocios.com.do\/v1\/wp-json\/wp\/v2\/tags?post=24559"}],"curies":[{"name":"wp","href":"https:\/\/api.w.org\/{rel}","templated":true}]}}