{"id":25133,"date":"2022-12-27T09:54:25","date_gmt":"2022-12-27T14:24:25","guid":{"rendered":"https:\/\/elmundodelosnegocios.com.do\/v1\/?p=25133"},"modified":"2022-12-27T09:54:27","modified_gmt":"2022-12-27T14:24:27","slug":"mirex-entrega-4ta-edicion-premio-al-emigrante-dominicano-sr-oscar-de-la-renta-al-medico-ruben-peralta-rosario","status":"publish","type":"post","link":"https:\/\/elmundodelosnegocios.com.do\/v1\/mirex-entrega-4ta-edicion-premio-al-emigrante-dominicano-sr-oscar-de-la-renta-al-medico-ruben-peralta-rosario\/","title":{"rendered":"MIREX entrega 4ta edici\u00f3n Premio al Emigrante Dominicano Sr. Oscar de la Renta al m\u00e9dico Rub\u00e9n Peralta Rosario"},"content":{"rendered":"\n<p>Santo Domingo. &#8211;&nbsp;<strong>El Ministerio de Relaciones Exteriores (MIREX)<\/strong>&nbsp;realiz\u00f3 el acto de entrega de la cuarta versi\u00f3n del&nbsp;<strong>Premio al Emigrante Dominicano Sr. Oscar de la Renta&nbsp;<\/strong>que busca distinguir a dominicanos destacados en el exterior.<\/p>\n\n\n\n<p>En una ceremonia realizada en la sala Carlos Piantini del Teatro Nacional, el m\u00e1ximo galard\u00f3n fue entregado de manos de la&nbsp;<strong>Vicepresidenta Raquel Pe\u00f1a en representaci\u00f3n del Presidente Luis Abinader<\/strong>, al doctor en medicina&nbsp;<strong>Rub\u00e9n Peralta Rosario<\/strong>, quien se ha destacado por su&nbsp;<strong>labor altruista<\/strong>&nbsp;para sus connacionales y comunidades vulnerables de Estados Unidos y otros pa\u00edses del mundo.<\/p>\n\n\n\n<p>A lo largo de su trayectoria, el doctor Peralta Rosario ha participado en operativos de prevenci\u00f3n y atenci\u00f3n m\u00e9dica. Adem\u00e1s, preside la \u201c<strong>Fundaci\u00f3n Casa Rub\u00e9n<\/strong>\u201d, una organizaci\u00f3n sin fines de lucro que brinda&nbsp;<strong>servicios a los m\u00e1s necesitados<\/strong>, con un programa de&nbsp;<strong>becas para estudiantes dominicanos de escasos recursos<\/strong>&nbsp;en colaboraci\u00f3n con el&nbsp;<strong>Fondo de Educaci\u00f3n Global Mr. Mohammed Saleh Ghorab<\/strong>.<\/p>\n\n\n\n<p>Adem\u00e1s de la estatuilla del m\u00e1ximo galard\u00f3n, el doctor Rub\u00e9n Peralta Rosario recibi\u00f3 un cheque por&nbsp;<strong>RD 1,000,000.00<\/strong>&nbsp;entregado por el&nbsp;<strong>administrador general del Banreservas, Samuel Pereyra<\/strong>.&nbsp;<\/p>\n\n\n\n<p>En el evento, la Vicepresidenta Pe\u00f1a dijo que con este acto el Gobierno dominicano quiere rendir&nbsp;<strong>homenaje a tantas dominicanas y dominicanos de la di\u00e1spora, algunos an\u00f3nimos y otros muy reconocidos<\/strong>, que al hacer del esfuerzo acad\u00e9mico, social, cient\u00edfico o profesional un prop\u00f3sito de vida, han impactado positivamente sus pa\u00edses de residencia.<\/p>\n\n\n\n<p>De su lado,&nbsp;<strong>en representaci\u00f3n del canciller Roberto \u00c1lvarez<\/strong>, el viceministro para las Comunidades de Dominicanas en el Exterior y director ejecutivo del Instituto para los Dominicanos en el Exterior (INDEX),&nbsp;<strong>Carlos de la Mota<\/strong>, resalt\u00f3 el papel que juegan los dominicanos en el exterior, lo cual los convierte en los&nbsp;<strong>verdaderos embajadores del pa\u00eds<\/strong>&nbsp;y de ah\u00ed el trabajo que realiza<strong>&nbsp;el MIREX y el INDEX<\/strong>&nbsp;en la defensa de la di\u00e1spora dominicana como parte del&nbsp;<strong>primer eje de la pol\u00edtica exterior.<\/strong><\/p>\n\n\n\n<figure class=\"wp-block-image\"><img decoding=\"async\" src=\"https:\/\/presidencia.gob.do\/sites\/default\/files\/content\/WhatsApp%20Image%202022-12-22%20at%209.20.02%20PM-2.jpeg\" alt=\"\"\/><\/figure>\n\n\n\n<p>Destac\u00f3 el compromiso del Gobierno con esa di\u00e1spora que aporta tanto al desarrollo del pa\u00eds,&nbsp;<em>\u201cconvirti\u00e9ndose en el principal activo para consolidar la Marca Pa\u00eds por los aportes que hacen, desde distintas \u00e1reas, dentro de las sociedades en las que han decidido asentarse\u201d.<\/em><\/p>\n\n\n\n<p>Otros dominicanos reconocidos en esta entrega del Premio, fueron \u00c1ngela G\u00f3mez Mota, licenciada en Psicolog\u00eda; Farah Mayte Saucedo Cabrera, presidenta de la Fundaci\u00f3n Twins; Gustavo Jos\u00e9 Silva Garc\u00eda, doctor en Medicina y Cirug\u00eda con especialidad en Gastroenterolog\u00eda Infantil en la Universidad de Sevilla; Juan Carlos Angustia Garc\u00eda, publicista y dise\u00f1ador gr\u00e1fico.<\/p>\n\n\n\n<p>Tambi\u00e9n, Kenia Esther Santana Tejeda, con doctorado en Odontolog\u00eda y especialidad en Traumatismos Dentarios; M\u00e1ximo Bienvenido Lamarche Cruz, m\u00e9dico, profesor y educador de LSU, Escuela de Medicina Charity Hospital, New Orleans, Luisiana, EE. UU.; Miguel Angel Villalona Calero, doctor en medicina; Scarlin Hern\u00e1ndez, licenciada en Ciencias Inform\u00e1ticas, e Ydanis Rodr\u00edguez, quien actualmente es comisionado del Departamento de Transporte en la ciudad de Nueva York.<\/p>\n\n\n\n<p>Las diez candidaturas finalistas fueron elegidas por la Comisi\u00f3n Permanente y Jurado de este premio, presidido por Jos\u00e9 Lu\u00eds (Pep\u00edn) Corripio, presidente del Grupo Corripio, e integrado por Carlos de la Mota, viceministro para las Comunidades Dominicanas en el Exterior; Mar\u00eda Alejandra Castillo, directora de Diplomacia Especializada; Hayd\u00e9e Rainieri, vicepresidenta senior de Grupo Puntacana, y Eliza Bolen, vicepresidenta ejecutiva de Oscar de la Renta.<\/p>\n\n\n\n<p>En el evento participaron funcionarios del MIREX y otras instituciones del Estado, miembros del Cuerpo Diplom\u00e1tico acreditado en el pa\u00eds, representantes del sector privado, l\u00edderes de opini\u00f3n,&nbsp;<em>influencers<\/em>&nbsp;y otros invitados especiales.<\/p>\n\n\n\n<p>La cuarta edici\u00f3n del galard\u00f3n cont\u00f3 con el patrocinio de Banreservas, Grupo Puntacana, Fundaci\u00f3n Corripio, Grupo Senci\u00f3n, Blue Mall, ENERGAS, Consorcio Energ\u00e9tico Punta Cana-Macao (CEPM), Grupo Rizek, Mart\u00ed y Plaza Lama.<\/p>\n","protected":false},"excerpt":{"rendered":"<p>Santo Domingo. &#8211;&nbsp;El Ministerio de Relaciones Exteriores (MIREX)&nbsp;realiz\u00f3 el acto de entrega de la cuarta versi\u00f3n del&nbsp;Premio al Emigrante Dominicano Sr. Oscar de la Renta&nbsp;que busca distinguir a dominicanos destacados&hellip; <\/p>\n","protected":false},"author":2,"featured_media":25134,"comment_status":"closed","ping_status":"closed","sticky":false,"template":"","format":"standard","meta":{"fifu_image_url":"","fifu_image_alt":"","footnotes":""},"categories":[151],"tags":[],"class_list":["post-25133","post","type-post","status-publish","format-standard","has-post-thumbnail","hentry","category-gerencia"],"_links":{"self":[{"href":"https:\/\/elmundodelosnegocios.com.do\/v1\/wp-json\/wp\/v2\/posts\/25133","targetHints":{"allow":["GET"]}}],"collection":[{"href":"https:\/\/elmundodelosnegocios.com.do\/v1\/wp-json\/wp\/v2\/posts"}],"about":[{"href":"https:\/\/elmundodelosnegocios.com.do\/v1\/wp-json\/wp\/v2\/types\/post"}],"author":[{"embeddable":true,"href":"https:\/\/elmundodelosnegocios.com.do\/v1\/wp-json\/wp\/v2\/users\/2"}],"replies":[{"embeddable":true,"href":"https:\/\/elmundodelosnegocios.com.do\/v1\/wp-json\/wp\/v2\/comments?post=25133"}],"version-history":[{"count":0,"href":"https:\/\/elmundodelosnegocios.com.do\/v1\/wp-json\/wp\/v2\/posts\/25133\/revisions"}],"wp:featuredmedia":[{"embeddable":true,"href":"https:\/\/elmundodelosnegocios.com.do\/v1\/wp-json\/wp\/v2\/media\/25134"}],"wp:attachment":[{"href":"https:\/\/elmundodelosnegocios.com.do\/v1\/wp-json\/wp\/v2\/media?parent=25133"}],"wp:term":[{"taxonomy":"category","embeddable":true,"href":"https:\/\/elmundodelosnegocios.com.do\/v1\/wp-json\/wp\/v2\/categories?post=25133"},{"taxonomy":"post_tag","embeddable":true,"href":"https:\/\/elmundodelosnegocios.com.do\/v1\/wp-json\/wp\/v2\/tags?post=25133"}],"curies":[{"name":"wp","href":"https:\/\/api.w.org\/{rel}","templated":true}]}}