{"id":25147,"date":"2022-12-29T13:30:04","date_gmt":"2022-12-29T18:00:04","guid":{"rendered":"https:\/\/elmundodelosnegocios.com.do\/v1\/?p=25147"},"modified":"2022-12-29T13:30:06","modified_gmt":"2022-12-29T18:00:06","slug":"recibe-sky-cana-vuelos-desde-new-york-con-atractivas-facilidades-temporada","status":"publish","type":"post","link":"https:\/\/elmundodelosnegocios.com.do\/v1\/recibe-sky-cana-vuelos-desde-new-york-con-atractivas-facilidades-temporada\/","title":{"rendered":"Recibe Sky Cana\u00a0vuelos desde New York con atractivas facilidades\u00a0temporada"},"content":{"rendered":"\n<p><strong>SANTO DOMINGO<\/strong>, R. D. Diciembre 28, 2022.-&nbsp;Sky Cana&nbsp;recibi\u00f3&nbsp;dos vuelos provenientes desde el aeropuerto JFK en la ciudad de New York, transportados en&nbsp;su aeronave Airbus A320 con capacidad de 180 asientos. El primer arribo, se efectu\u00f3 la tarde de ayer, 26 de diciembre, en el Aeropuerto Internacional de Las Am\u00e9ricas. Hoy el segundo en el Aeropuerto Internacional del Cibao.<\/p>\n\n\n\n<p>Los pasajeros manifestaron su alegr\u00eda por la experiencia positiva y placentera durante el vuelo de Sky Cana. La mayor\u00eda manifest\u00f3 testimonios de sorpresa por el almuerzo degustado durante el vuelo. Otros manifestaron el excelente trato de los tripulantes a los pasajeros.<\/p>\n\n\n\n<p>Ambos vuelos marcan el inicio de la programaci\u00f3n de rutas entre las ciudades estadounidenses de New York, Miami y Puerto Rico, con las ciudades dominicanas de Santo Domingo, Santiago y Puerto Plata. Esta es una estrategia promocional del Gobierno dominicano, a trav\u00e9s del Ministerio de Turismo al facilitar la adquisici\u00f3n&nbsp;del&nbsp;billete a\u00e9reo&nbsp;a los dominicanos de la di\u00e1spora a precios econ\u00f3micos.<\/p>\n\n\n\n<p><strong><em>Con el&nbsp;<\/em><\/strong><strong><em>slogan<\/em><\/strong><a><strong><em>,<\/em><\/strong><\/a><strong><em>&nbsp;\u201c<\/em><\/strong><strong><em>M\u00e1<\/em><\/strong><strong><em>s cerca de abrazar a la do\u00f1a y a tus amigos<\/em><\/strong><em>\u201d<\/em><em>,<\/em><em>&nbsp;<\/em>Sky&nbsp;Cana incluye impuestos al precio de oferta, facilitando viajar con dos maletas y un&nbsp;equipaje de mano. Oferta disponible hasta el d\u00eda 8 de enero del 2023.<\/p>\n\n\n\n<p>Las reservas y compras&nbsp;de billetes&nbsp;de avi\u00f3n o&nbsp;<em>tickets<\/em>&nbsp;de vuelo,&nbsp;est\u00e1n disponibles en&nbsp;<a href=\"http:\/\/www.vaca.do\/\" target=\"_blank\" rel=\"noreferrer noopener\">www.VACA.do<\/a>&nbsp;y dem\u00e1s&nbsp;agencias de viajes, en la p\u00e1ginas web de&nbsp;Sky Cana&nbsp;<a href=\"http:\/\/www.skycana.com\/\" target=\"_blank\" rel=\"noreferrer noopener\">WWW.skycana.com<\/a>,&nbsp;tambi\u00e9n en&nbsp;<a href=\"http:\/\/www.aircentury.com\/\" target=\"_blank\" rel=\"noreferrer noopener\">www.aircentury.com<\/a>&nbsp;y en el Centro de&nbsp;Reservas y Servicio al Cliente en los n\u00fameros telef\u00f3nicos&nbsp;1-829-946-5222&nbsp;\/&nbsp;1-518-7592262&nbsp;\/&nbsp;1-844-759-2262&nbsp;\/&nbsp;1-786-692-2262<\/p>\n\n\n\n<p><strong>Acerca de Sky Cana<\/strong><strong><\/strong><\/p>\n\n\n\n<p>Sky Cana es una aerol\u00ednea dominicana disruptiva, que ofrece una nueva forma de viajar desde y hacia Rep\u00fablica Dominicana, establecida por un grupo de inversionistas y profesionales de reconocida experiencia en todas las&nbsp;\u00e1reas de la industria de la aviaci\u00f3n. Su equipo lo integran m\u00e1s de 200 empleados dominicanos, orgullosamente dedicados a hacerle vivir una nueva experiencia abordo.&nbsp;\u00danica empresa con capital de inversi\u00f3n 100% dominicano que opera aeronaves con capacidad superior a los 150 pasajeros en el pa\u00eds. <\/p>\n\n\n\n<p><strong>Sobre Air Century<\/strong><strong>\u00ae<\/strong><strong><\/strong><\/p>\n\n\n\n<p>Air Century\u00ae&nbsp;es una empresa de transporte a\u00e9reo local e internacional fundada en Santo Domingo, Rep\u00fablica Dominicana, en marzo de 1992. Sirve vuelos regulares a Puerto Pr\u00edncipe, Hait\u00ed, Aruba, Curazao, St. Maarten, La Habana, Cuba y&nbsp;vuelos&nbsp;ch\u00e1rters a toda el&nbsp;\u00e1rea del Caribe. Opera bajo alianza comercial con Sky Cana las rutas de Miami y New York.&nbsp;Para m\u00e1s informaci\u00f3n, visite&nbsp;&nbsp;<a href=\"http:\/\/www.aircentury.com\/\" target=\"_blank\" rel=\"noreferrer noopener\">www.aircentury.com<\/a>.<\/p>\n","protected":false},"excerpt":{"rendered":"<p>SANTO DOMINGO, R. D. Diciembre 28, 2022.-&nbsp;Sky Cana&nbsp;recibi\u00f3&nbsp;dos vuelos provenientes desde el aeropuerto JFK en la ciudad de New York, transportados en&nbsp;su aeronave Airbus A320 con capacidad de 180 asientos.&hellip; <\/p>\n","protected":false},"author":2,"featured_media":25148,"comment_status":"closed","ping_status":"closed","sticky":false,"template":"","format":"standard","meta":{"fifu_image_url":"","fifu_image_alt":"","footnotes":""},"categories":[169],"tags":[],"class_list":["post-25147","post","type-post","status-publish","format-standard","has-post-thumbnail","hentry","category-transporte-internacional"],"_links":{"self":[{"href":"https:\/\/elmundodelosnegocios.com.do\/v1\/wp-json\/wp\/v2\/posts\/25147","targetHints":{"allow":["GET"]}}],"collection":[{"href":"https:\/\/elmundodelosnegocios.com.do\/v1\/wp-json\/wp\/v2\/posts"}],"about":[{"href":"https:\/\/elmundodelosnegocios.com.do\/v1\/wp-json\/wp\/v2\/types\/post"}],"author":[{"embeddable":true,"href":"https:\/\/elmundodelosnegocios.com.do\/v1\/wp-json\/wp\/v2\/users\/2"}],"replies":[{"embeddable":true,"href":"https:\/\/elmundodelosnegocios.com.do\/v1\/wp-json\/wp\/v2\/comments?post=25147"}],"version-history":[{"count":0,"href":"https:\/\/elmundodelosnegocios.com.do\/v1\/wp-json\/wp\/v2\/posts\/25147\/revisions"}],"wp:featuredmedia":[{"embeddable":true,"href":"https:\/\/elmundodelosnegocios.com.do\/v1\/wp-json\/wp\/v2\/media\/25148"}],"wp:attachment":[{"href":"https:\/\/elmundodelosnegocios.com.do\/v1\/wp-json\/wp\/v2\/media?parent=25147"}],"wp:term":[{"taxonomy":"category","embeddable":true,"href":"https:\/\/elmundodelosnegocios.com.do\/v1\/wp-json\/wp\/v2\/categories?post=25147"},{"taxonomy":"post_tag","embeddable":true,"href":"https:\/\/elmundodelosnegocios.com.do\/v1\/wp-json\/wp\/v2\/tags?post=25147"}],"curies":[{"name":"wp","href":"https:\/\/api.w.org\/{rel}","templated":true}]}}