{"id":25150,"date":"2022-12-30T03:01:29","date_gmt":"2022-12-30T07:31:29","guid":{"rendered":"https:\/\/elmundodelosnegocios.com.do\/v1\/index.php\/2022\/12\/30\/la-exposicion-sobre-el-hach-se-celebrara-en-enero-de-2023-con-el-patrocinio-del-gobernador-de-la-meca\/"},"modified":"2022-12-30T03:01:29","modified_gmt":"2022-12-30T07:31:29","slug":"la-exposicion-sobre-el-hach-se-celebrara-en-enero-de-2023-con-el-patrocinio-del-gobernador-de-la-meca","status":"publish","type":"post","link":"https:\/\/elmundodelosnegocios.com.do\/v1\/la-exposicion-sobre-el-hach-se-celebrara-en-enero-de-2023-con-el-patrocinio-del-gobernador-de-la-meca\/","title":{"rendered":"La Exposici\u00f3n sobre el Hach se celebrar\u00e1 en enero de 2023 con el patrocinio del Gobernador de La Meca"},"content":{"rendered":"<p>Reunir\u00e1 a m\u00e1s de 57 delegaciones internacionales<br \/>\nRIYADH, Arabia Saudita&#8211;(BUSINESS WIRE)&#8211;Con el patrocinio de S.A.R. el Pr\u00edncipe Jaled Al-Faisal, Consejero del Custodio de las Dos Mezquitas Sagradas y Gobernador de la Regi\u00f3n de La Meca, el Ministerio del Hach y la Umrah organizar\u00e1 la conferencia y exposici\u00f3n denominada \u00abExpo Hach 2023\u00bb, del 9 al 12 de enero de 2023.<\/p>\n<p>El evento, que durar\u00e1 cuatro d\u00edas, forma parte de los esfuerzos continuos del Ministerio por construir un ecosistema innovador de servicios y soluciones para servir mejor a los peregrinos de las Dos Mezquitas Sagradas, mejorando al mismo tiempo sus experiencias religiosas y culturales. Su objetivo es crear un ecosistema integrado y sostenible que mejore las experiencias de los peregrinos, anticipe sus tendencias futuras y establezca oportunidades para emprender nuevas colaboraciones, acuerdos e iniciativas locales e internacionales.<\/p>\n<p>S.E. el Ministro del Hach y la Umrah, Dr. Tawfiq bin Fawzan Al-Rabiah, declar\u00f3: \u00abEn esta conferencia, los empresarios, innovadores e investigadores de m\u00e1s de 200 organizaciones mundiales podr\u00e1n compartir experiencias de \u00e9xito e intercambiar ideas sobre las soluciones de calidad sostenibles dise\u00f1adas para satisfacer las aspiraciones y necesidades de los peregrinos. Esto refleja el apoyo incesante que le dedica el Custodio de las Dos Mezquitas Sagradas y Su Alteza el Pr\u00edncipe Heredero al sector del Hach y la Umrah, en l\u00ednea con la Visi\u00f3n Saud\u00ed 2030.<\/p>\n<p>\u00abCon delegaciones de m\u00e1s de 56 pa\u00edses, se espera que durante la Expo Hach se suscriban alrededor de 400 acuerdos y asociaciones. Contar\u00e1 con 10 sesiones magistrales, 13 mesas redondas y Charlas sobre el Hach, adem\u00e1s de haber 36 talleres y eventos y actividades relacionados, en particular la exposici\u00f3n isl\u00e1mica y el Hackathon del Hach\u00bb.<\/p>\n<p>La \u00abExpo Hach 2023\u00bb contar\u00e1 con el patrocinio de varias entidades y empresas, entre ellas Kidana Development Company, Elm, Al Wukalla Company, Catering Contractors Association, Muslim World League, Rua AlMadinah Holding, Motawifs Pilgrims for Southeast Asian Countries Co, Alrajhi Umrah, Dallah Albaraka Holding, Sadu Business Solutions, The Company for Cooperative Insurance (Tawuniya) y Saudi Arabia Railways (SAR), Saudi Public Transport Company (SAPTCO), Mohamed Yousuf Naghi Motors Co., Flynas, Saudi Al-Qaid Transportation Co., Alif Alif FM, High Point Technology Company y Casablanca Company for Hotel &amp; Touristic Services Co. LTD.<\/p>\n<p>La edici\u00f3n de 2021 de la conferencia registr\u00f3 cifras r\u00e9cord con m\u00e1s de 45.000 asistentes y 115 acuerdos comerciales. La segunda edici\u00f3n contar\u00e1 con una amplia gama de sesiones cient\u00edficas, talleres y programas de capacitaci\u00f3n, con la participaci\u00f3n de varios ministros de asuntos isl\u00e1micos, dotaciones y embajadores y c\u00f3nsules del Hach y operadores del Hach y la Umrah de todo el mundo.<\/p>\n<p>*Fuente: AETOSWire<\/p>\n<p>El texto original en el idioma fuente de este comunicado es la versi\u00f3n oficial autorizada. Las traducciones solo se suministran como adaptaci\u00f3n y deben cotejarse con el texto en el idioma fuente, que es la \u00fanica versi\u00f3n del texto que tendr\u00e1 un efecto legal.<br \/>\n Contacts<br \/>\nHussein Nasrallah<br \/>\npr@digitect.com<\/p>\n","protected":false},"excerpt":{"rendered":"<p>Reunir\u00e1 a m\u00e1s de 57 delegaciones internacionales RIYADH, Arabia Saudita&#8211;(BUSINESS WIRE)&#8211;Con el patrocinio de S.A.R. el Pr\u00edncipe Jaled Al-Faisal, Consejero del Custodio de las Dos Mezquitas Sagradas y Gobernador de&hellip; <\/p>\n","protected":false},"author":2,"featured_media":25151,"comment_status":"closed","ping_status":"closed","sticky":false,"template":"","format":"standard","meta":{"fifu_image_url":"","fifu_image_alt":"","footnotes":""},"categories":[252],"tags":[253],"class_list":["post-25150","post","type-post","status-publish","format-standard","has-post-thumbnail","hentry","category-business-wire","tag-business-wire"],"_links":{"self":[{"href":"https:\/\/elmundodelosnegocios.com.do\/v1\/wp-json\/wp\/v2\/posts\/25150","targetHints":{"allow":["GET"]}}],"collection":[{"href":"https:\/\/elmundodelosnegocios.com.do\/v1\/wp-json\/wp\/v2\/posts"}],"about":[{"href":"https:\/\/elmundodelosnegocios.com.do\/v1\/wp-json\/wp\/v2\/types\/post"}],"author":[{"embeddable":true,"href":"https:\/\/elmundodelosnegocios.com.do\/v1\/wp-json\/wp\/v2\/users\/2"}],"replies":[{"embeddable":true,"href":"https:\/\/elmundodelosnegocios.com.do\/v1\/wp-json\/wp\/v2\/comments?post=25150"}],"version-history":[{"count":0,"href":"https:\/\/elmundodelosnegocios.com.do\/v1\/wp-json\/wp\/v2\/posts\/25150\/revisions"}],"wp:featuredmedia":[{"embeddable":true,"href":"https:\/\/elmundodelosnegocios.com.do\/v1\/wp-json\/wp\/v2\/media\/25151"}],"wp:attachment":[{"href":"https:\/\/elmundodelosnegocios.com.do\/v1\/wp-json\/wp\/v2\/media?parent=25150"}],"wp:term":[{"taxonomy":"category","embeddable":true,"href":"https:\/\/elmundodelosnegocios.com.do\/v1\/wp-json\/wp\/v2\/categories?post=25150"},{"taxonomy":"post_tag","embeddable":true,"href":"https:\/\/elmundodelosnegocios.com.do\/v1\/wp-json\/wp\/v2\/tags?post=25150"}],"curies":[{"name":"wp","href":"https:\/\/api.w.org\/{rel}","templated":true}]}}