{"id":25322,"date":"2023-01-10T09:06:54","date_gmt":"2023-01-10T13:36:54","guid":{"rendered":"https:\/\/elmundodelosnegocios.com.do\/v1\/?p=25322"},"modified":"2023-01-10T09:06:56","modified_gmt":"2023-01-10T13:36:56","slug":"prodominicana-pone-en-funcionamiento-plataformas-digitales-para-agilizar-tramites-y-atraer-inversion-extranjera-directa-al-pais","status":"publish","type":"post","link":"https:\/\/elmundodelosnegocios.com.do\/v1\/prodominicana-pone-en-funcionamiento-plataformas-digitales-para-agilizar-tramites-y-atraer-inversion-extranjera-directa-al-pais\/","title":{"rendered":"ProDominicana pone en funcionamiento plataformas digitales para agilizar tr\u00e1mites y atraer inversi\u00f3n extranjera directa al pa\u00eds"},"content":{"rendered":"\n<p>Santo Domingo.- Biviana Riveiro Disla, directora ejecutiva del Centro de Exportaci\u00f3n e Inversi\u00f3n de la Rep\u00fablica Dominicana (ProDominicana), notific\u00f3 que ya est\u00e1 habilitada la plataforma Ventanilla \u00danica de Inversi\u00f3n (VUI) y el Registro de Inversi\u00f3n Extranjera Directa, las cuales tienen por objetivo centralizar la gesti\u00f3n y tramitaci\u00f3n de permisos, licencias y certificaciones requeridas para formalizar un proyecto de inversi\u00f3n en el pa\u00eds, a trav\u00e9s de la simplificaci\u00f3n, homologaci\u00f3n y automatizaci\u00f3n de los procesos.<\/p>\n\n\n\n<p>La implementaci\u00f3n de la VUI es un paso adelante en la estrategia-pa\u00eds de posicionarnos como el destino de Inversi\u00f3n Extranjera Directa m\u00e1s atractivo de la regi\u00f3n, ya que esta herramienta tiene elementos diferenciadores con respecto a otras similares que solo concentran sus esfuerzos en difusi\u00f3n de informaci\u00f3n.<\/p>\n\n\n\n<p>Todo esto, aunado a la ventaja de nuestra ubicaci\u00f3n geogr\u00e1fica, los acuerdos comerciales y la infraestructura de puertos, aeropuertos, comunicaci\u00f3n vial y telecomunicaciones hace de Rep\u00fablica Dominicana un destino id\u00f3neo para invertir.<\/p>\n\n\n\n<p>Entre los sectores priorizados para canalizar tramitaciones a trav\u00e9s de la VUI se encuentran telecomunicaciones, infraestructura, y energ\u00eda. A largo plazo, la Ventanilla continuar\u00e1 incluyendo los tr\u00e1mites vinculados a los dem\u00e1s sectores de inversi\u00f3n, como son, agricultura, agroindustria, calzado, cine, tecnolog\u00edas de la informaci\u00f3n y la comunicaci\u00f3n (TIC), manufactura, miner\u00eda, textil, entre otros.<\/p>\n\n\n\n<p>Riveiro sostuvo que la meta a corto plazo que tiene la Ventanilla \u00danica de Inversi\u00f3n es que se convierta en la herramienta preferida por los inversionistas para canalizar sus solicitudes de proyectos de inversi\u00f3n. Asimismo, agreg\u00f3 que: \u201cestamos incorporando m\u00e1s tr\u00e1mites relacionados al sector IED tales como: Residencia por Inversi\u00f3n, Registro de Inversi\u00f3n Extranjera Directa y Gesti\u00f3n de Proyectos de Inversi\u00f3n P\u00fablico-Privada\u201d.<\/p>\n\n\n\n<p>Cabe destacar que la herramienta cuenta con grandes beneficios para los inversionistas como la reducci\u00f3n de tiempo, eliminaci\u00f3n de costos, simplificaci\u00f3n de tr\u00e1mites y procesos para la IED, transparencia y seguridad jur\u00eddica al inversionista durante todo el proceso, sistema de monitoreo y alertas, asimismo el Registro \u00danico de Inversi\u00f3n.<\/p>\n\n\n\n<p>El sistema cuenta con una composici\u00f3n t\u00e9cnica encabezada por el Centro de Exportaci\u00f3n e Inversi\u00f3n de Rep\u00fablica Dominicana (ProDominicana), quien la preside y coordina, el Ministerio de la Presidencia, el Ministerio de Administraci\u00f3n P\u00fablica (MAP), la Oficina Gubernamental de Tecnolog\u00edas de la Informaci\u00f3n y Comunicaci\u00f3n (OGTIC).<\/p>\n\n\n\n<p>Tambi\u00e9n colaboran con este proyecto el Consejo Nacional de Competitividad (CNC), el Ministerio de Industria, Comercio y Mipymes (MICM), el Ministerio de Obras P\u00fablicas y Comunicaciones (MOPC), el Ministerio de Medio Ambiente y Recursos Naturales (MMARN), la Federaci\u00f3n Dominicana de Municipios (FEDOMU), el Ayuntamiento del Distrito Nacional (ADN) y el Ayuntamiento de Santo Domingo Este (ASDE).<\/p>\n","protected":false},"excerpt":{"rendered":"<p>Santo Domingo.- Biviana Riveiro Disla, directora ejecutiva del Centro de Exportaci\u00f3n e Inversi\u00f3n de la Rep\u00fablica Dominicana (ProDominicana), notific\u00f3 que ya est\u00e1 habilitada la plataforma Ventanilla \u00danica de Inversi\u00f3n (VUI)&hellip; <\/p>\n","protected":false},"author":2,"featured_media":25323,"comment_status":"closed","ping_status":"closed","sticky":false,"template":"","format":"standard","meta":{"fifu_image_url":"","fifu_image_alt":"","footnotes":""},"categories":[74],"tags":[],"class_list":["post-25322","post","type-post","status-publish","format-standard","has-post-thumbnail","hentry","category-comercio-internacional"],"_links":{"self":[{"href":"https:\/\/elmundodelosnegocios.com.do\/v1\/wp-json\/wp\/v2\/posts\/25322","targetHints":{"allow":["GET"]}}],"collection":[{"href":"https:\/\/elmundodelosnegocios.com.do\/v1\/wp-json\/wp\/v2\/posts"}],"about":[{"href":"https:\/\/elmundodelosnegocios.com.do\/v1\/wp-json\/wp\/v2\/types\/post"}],"author":[{"embeddable":true,"href":"https:\/\/elmundodelosnegocios.com.do\/v1\/wp-json\/wp\/v2\/users\/2"}],"replies":[{"embeddable":true,"href":"https:\/\/elmundodelosnegocios.com.do\/v1\/wp-json\/wp\/v2\/comments?post=25322"}],"version-history":[{"count":0,"href":"https:\/\/elmundodelosnegocios.com.do\/v1\/wp-json\/wp\/v2\/posts\/25322\/revisions"}],"wp:featuredmedia":[{"embeddable":true,"href":"https:\/\/elmundodelosnegocios.com.do\/v1\/wp-json\/wp\/v2\/media\/25323"}],"wp:attachment":[{"href":"https:\/\/elmundodelosnegocios.com.do\/v1\/wp-json\/wp\/v2\/media?parent=25322"}],"wp:term":[{"taxonomy":"category","embeddable":true,"href":"https:\/\/elmundodelosnegocios.com.do\/v1\/wp-json\/wp\/v2\/categories?post=25322"},{"taxonomy":"post_tag","embeddable":true,"href":"https:\/\/elmundodelosnegocios.com.do\/v1\/wp-json\/wp\/v2\/tags?post=25322"}],"curies":[{"name":"wp","href":"https:\/\/api.w.org\/{rel}","templated":true}]}}