{"id":25325,"date":"2023-01-10T09:31:41","date_gmt":"2023-01-10T14:01:41","guid":{"rendered":"https:\/\/elmundodelosnegocios.com.do\/v1\/?p=25325"},"modified":"2023-01-10T09:31:42","modified_gmt":"2023-01-10T14:01:42","slug":"fundacion-refidomsa-lleva-juguetes-a-ninos-de-haina-y-nizao-con-motivo-del-dia-de-los-reyes","status":"publish","type":"post","link":"https:\/\/elmundodelosnegocios.com.do\/v1\/fundacion-refidomsa-lleva-juguetes-a-ninos-de-haina-y-nizao-con-motivo-del-dia-de-los-reyes\/","title":{"rendered":"Fundaci\u00f3n Refidomsa lleva juguetes a ni\u00f1os de Haina y Nizao con motivo del D\u00eda de los Reyes"},"content":{"rendered":"\n<p>Con el prop\u00f3sito de llevar alegr\u00eda a cientos de ni\u00f1os y ni\u00f1as de los municipios de Haina y Nizao, la <a href=\"https:\/\/refidomsa.com\/2023\/01\/09\/fundacion-refidomsa-lleva-juguetes-a-ninos-de-haina-con-motivo-del-dia-de-los-reyes\/\" target=\"_blank\" rel=\"noreferrer noopener\">Fundaci\u00f3n Refidomsa<\/a> entreg\u00f3 decenas de juguetes con motivo a la celebraci\u00f3n del D\u00eda de los Reyes Magos.<\/p>\n\n\n<div class=\"wp-block-image\">\n<figure class=\"aligncenter size-large\"><img loading=\"lazy\" decoding=\"async\" width=\"1024\" height=\"576\" src=\"https:\/\/elmundodelosnegocios.com.do\/v1\/wp-content\/uploads\/2023\/01\/0-1-1024x576.jpg\" alt=\"\" class=\"wp-image-25326\" srcset=\"https:\/\/elmundodelosnegocios.com.do\/v1\/wp-content\/uploads\/2023\/01\/0-1-1024x576.jpg 1024w, https:\/\/elmundodelosnegocios.com.do\/v1\/wp-content\/uploads\/2023\/01\/0-1-300x169.jpg 300w, https:\/\/elmundodelosnegocios.com.do\/v1\/wp-content\/uploads\/2023\/01\/0-1-768x432.jpg 768w, https:\/\/elmundodelosnegocios.com.do\/v1\/wp-content\/uploads\/2023\/01\/0-1.jpg 1400w\" sizes=\"auto, (max-width: 1024px) 100vw, 1024px\" \/><\/figure>\n<\/div>\n\n\n<p>Las donaciones se realizaron durante todo el fin de semana, teniendo como centro de encuentro la Escuela Primaria Aliro Paulino, de Nizao, la profesor Crist\u00f3bal Alvino\u00bb, en Don Gregorio, y en Bajos de Haina.<\/p>\n\n\n<div class=\"wp-block-image\">\n<figure class=\"aligncenter size-large\"><img loading=\"lazy\" decoding=\"async\" width=\"1024\" height=\"576\" src=\"https:\/\/elmundodelosnegocios.com.do\/v1\/wp-content\/uploads\/2023\/01\/0a-1024x576.jpg\" alt=\"\" class=\"wp-image-25327\" srcset=\"https:\/\/elmundodelosnegocios.com.do\/v1\/wp-content\/uploads\/2023\/01\/0a-1024x576.jpg 1024w, https:\/\/elmundodelosnegocios.com.do\/v1\/wp-content\/uploads\/2023\/01\/0a-300x169.jpg 300w, https:\/\/elmundodelosnegocios.com.do\/v1\/wp-content\/uploads\/2023\/01\/0a-768x432.jpg 768w, https:\/\/elmundodelosnegocios.com.do\/v1\/wp-content\/uploads\/2023\/01\/0a.jpg 1200w\" sizes=\"auto, (max-width: 1024px) 100vw, 1024px\" \/><\/figure>\n<\/div>\n\n\n<p>Las actividades fueron encabezadas por Franklin Soriano, coordinador del Plan Social de la Refiner\u00eda Dominicana de Petr\u00f3leo, quien explic\u00f3 que la iniciativa se lleva a cabo cada a\u00f1o como parte del compromiso que el doctor Leonardo Aguilera, presidente <a href=\"https:\/\/refidomsa.com\/2023\/01\/09\/fundacion-refidomsa-lleva-juguetes-a-ninos-de-haina-con-motivo-del-dia-de-los-reyes\/\" target=\"_blank\" rel=\"noreferrer noopener\">Refidomsa<\/a>, ha asumido&nbsp; para contribuir con el el esparcimiento y la sana diversi\u00f3n de los ni\u00f1os y ni\u00f1as de las comunidades m\u00e1s necesitadas.<\/p>\n\n\n\n<p>Destac\u00f3 que las iniciativas se enmarcan dentro de las&nbsp; acciones sociales del gobierno que encabeza el presidente Luis Abinader.<\/p>\n\n\n\n<p>\u00abDesde que inici\u00f3 la gesti\u00f3n de Aguilera, en agosto del 2020, hemos venido trabajando con las familias de todas las comunidades de Haina, Nizao y otras partes del pa\u00eds, y es por eso que hoy&nbsp; regalamos a los ni\u00f1os y ni\u00f1as estos juguetes que les permitir\u00e1n divertirse y desarrollarse\u00bb, resalt\u00f3 Soriano.El encuentro en Nizao cont\u00f3 con la presencia del alcalde Eleazar Guerrero, quien agradeci\u00f3 a la Fundaci\u00f3n Refidomsa y a su presidente por siempre tener presente ese municipio en sus planes sociales.<\/p>\n","protected":false},"excerpt":{"rendered":"<p>Con el prop\u00f3sito de llevar alegr\u00eda a cientos de ni\u00f1os y ni\u00f1as de los municipios de Haina y Nizao, la Fundaci\u00f3n Refidomsa entreg\u00f3 decenas de juguetes con motivo a la&hellip; <\/p>\n","protected":false},"author":2,"featured_media":25326,"comment_status":"closed","ping_status":"closed","sticky":false,"template":"","format":"standard","meta":{"fifu_image_url":"","fifu_image_alt":"","footnotes":""},"categories":[78],"tags":[],"class_list":["post-25325","post","type-post","status-publish","format-standard","has-post-thumbnail","hentry","category-con-responsabilidad"],"_links":{"self":[{"href":"https:\/\/elmundodelosnegocios.com.do\/v1\/wp-json\/wp\/v2\/posts\/25325","targetHints":{"allow":["GET"]}}],"collection":[{"href":"https:\/\/elmundodelosnegocios.com.do\/v1\/wp-json\/wp\/v2\/posts"}],"about":[{"href":"https:\/\/elmundodelosnegocios.com.do\/v1\/wp-json\/wp\/v2\/types\/post"}],"author":[{"embeddable":true,"href":"https:\/\/elmundodelosnegocios.com.do\/v1\/wp-json\/wp\/v2\/users\/2"}],"replies":[{"embeddable":true,"href":"https:\/\/elmundodelosnegocios.com.do\/v1\/wp-json\/wp\/v2\/comments?post=25325"}],"version-history":[{"count":0,"href":"https:\/\/elmundodelosnegocios.com.do\/v1\/wp-json\/wp\/v2\/posts\/25325\/revisions"}],"wp:featuredmedia":[{"embeddable":true,"href":"https:\/\/elmundodelosnegocios.com.do\/v1\/wp-json\/wp\/v2\/media\/25326"}],"wp:attachment":[{"href":"https:\/\/elmundodelosnegocios.com.do\/v1\/wp-json\/wp\/v2\/media?parent=25325"}],"wp:term":[{"taxonomy":"category","embeddable":true,"href":"https:\/\/elmundodelosnegocios.com.do\/v1\/wp-json\/wp\/v2\/categories?post=25325"},{"taxonomy":"post_tag","embeddable":true,"href":"https:\/\/elmundodelosnegocios.com.do\/v1\/wp-json\/wp\/v2\/tags?post=25325"}],"curies":[{"name":"wp","href":"https:\/\/api.w.org\/{rel}","templated":true}]}}