{"id":25425,"date":"2023-01-12T19:44:40","date_gmt":"2023-01-13T00:14:40","guid":{"rendered":"https:\/\/elmundodelosnegocios.com.do\/v1\/?p=25425"},"modified":"2023-01-12T19:44:42","modified_gmt":"2023-01-13T00:14:42","slug":"llega-desde-estambul-primer-vuelo-charter-airanka-a-la-romana","status":"publish","type":"post","link":"https:\/\/elmundodelosnegocios.com.do\/v1\/llega-desde-estambul-primer-vuelo-charter-airanka-a-la-romana\/","title":{"rendered":"Llega desde Estambul primer vuelo ch\u00e1rter AirAnka\u00a0a La Romana"},"content":{"rendered":"\n<p>Con una gran expectativa y mucho entusiasmo fue recibido en el Aeropuerto Internacional de La Romana el primer vuelo charter de la aerol\u00ednea turca AirAnka, procedente directamente desde la ciudad de Estambul.<\/p>\n\n\n\n<figure class=\"wp-block-gallery has-nested-images columns-default is-cropped wp-block-gallery-1 is-layout-flex wp-block-gallery-is-layout-flex\">\n<figure class=\"wp-block-image size-large\"><img loading=\"lazy\" decoding=\"async\" width=\"1024\" height=\"678\" data-id=\"25426\" src=\"https:\/\/elmundodelosnegocios.com.do\/v1\/wp-content\/uploads\/2023\/01\/FOTO-1-1024x678.jpg\" alt=\"\" class=\"wp-image-25426\" srcset=\"https:\/\/elmundodelosnegocios.com.do\/v1\/wp-content\/uploads\/2023\/01\/FOTO-1-1024x678.jpg 1024w, https:\/\/elmundodelosnegocios.com.do\/v1\/wp-content\/uploads\/2023\/01\/FOTO-1-300x199.jpg 300w, https:\/\/elmundodelosnegocios.com.do\/v1\/wp-content\/uploads\/2023\/01\/FOTO-1-768x509.jpg 768w, https:\/\/elmundodelosnegocios.com.do\/v1\/wp-content\/uploads\/2023\/01\/FOTO-1.jpg 1048w\" sizes=\"auto, (max-width: 1024px) 100vw, 1024px\" \/><\/figure>\n\n\n\n<figure class=\"wp-block-image size-large\"><img loading=\"lazy\" decoding=\"async\" width=\"1024\" height=\"664\" data-id=\"25427\" src=\"https:\/\/elmundodelosnegocios.com.do\/v1\/wp-content\/uploads\/2023\/01\/FOTO-2-1024x664.jpg\" alt=\"\" class=\"wp-image-25427\" srcset=\"https:\/\/elmundodelosnegocios.com.do\/v1\/wp-content\/uploads\/2023\/01\/FOTO-2-1024x664.jpg 1024w, https:\/\/elmundodelosnegocios.com.do\/v1\/wp-content\/uploads\/2023\/01\/FOTO-2-300x195.jpg 300w, https:\/\/elmundodelosnegocios.com.do\/v1\/wp-content\/uploads\/2023\/01\/FOTO-2-768x498.jpg 768w, https:\/\/elmundodelosnegocios.com.do\/v1\/wp-content\/uploads\/2023\/01\/FOTO-2.jpg 1048w\" sizes=\"auto, (max-width: 1024px) 100vw, 1024px\" \/><\/figure>\n<\/figure>\n\n\n\n<p>Este acontecimiento es parte de la fuerte presencia en el pa\u00eds del grupo turco Acunmedya, empresa reconocida a nivel internacional por ser la productora de populares programas de telerrealidad como Survivor y Exatl\u00f3n, los cuales son filmados en La Romana, empleando a cientos de dominicanos y extranjeros cada a\u00f1o.<\/p>\n\n\n\n<p>El vuelo TZ701 tuvo cerca de 12 horas de duraci\u00f3n y trajo consigo a decenas de personas, entre las que estaban el embajador dominicano en Turqu\u00eda, Elvis Alam Lora; Ebru Atasav, Global CEO de Acunmedya y el Jefe de Finanzas de AirAnka, Bilgen Salih Narli.<\/p>\n\n\n\n<p>Los altos ejecutivos de las citadas empresas se reunir\u00e1n con las autoridades dominicanas con el prop\u00f3sito de llegar a un acuerdo para establecer una ruta comercial entre La Romana y Estambul.<\/p>\n\n\n\n<p>El embajador Alam Lora vaticin\u00f3 que la autorizaci\u00f3n de esa ruta ser\u00eda muy beneficiosa para el pa\u00eds ya que la comunidad dominicana en Turqu\u00eda tendr\u00eda mayores facilidades para venir, al igual que otros ciudadanos de esa parte del mundo, lo que contribuir\u00eda a nuestro turismo. Adem\u00e1s de que se abrir\u00eda la oportunidad de exportar productos agr\u00edcolas frescos y mejorar las relaciones comerciales entre ambos pa\u00edses.&nbsp;<\/p>\n\n\n\n<p>Sobre Acunmedya, el diplom\u00e1tico consider\u00f3 que \u201cno hay presupuesto de Turismo que logre lo que ellos est\u00e1n logrando. Todo el mundo nos conoce gracias a su programa l\u00edder en ratings Survivor\u201d, el cual se transmite en 10 pa\u00edses y es visto por millones de personas.<\/p>\n\n\n\n<p>De su lado, Ebru Atasav, Global CEO de Acunmedya, valor\u00f3 como muy positiva la experiencia que ha tenido la empresa en sus 15 a\u00f1os de presencia en Rep\u00fablica Dominicana, raz\u00f3n por la que siguen ampliando sus proyectos e inversiones en el pa\u00eds.<\/p>\n\n\n\n<p>\u201cQueremos seguir haciendo m\u00e1s producciones para m\u00e1s mercados y crecer como esa plataforma que muestra internacionalmente la belleza de esta isla, mientras creamos empleos y bienestar en m\u00faltiples v\u00edas\u201d.<\/p>\n\n\n\n<p>En ese sentido, la ejecutiva revel\u00f3 que la empresa est\u00e1 construyendo un complejo de apartamentos en La Romana para alojar a los equipos que se involucran en la producci\u00f3n de sus programas, que superan a las 2,000 personas.<\/p>\n\n\n\n<p>Acunmedya tambi\u00e9n produce programas de franquicias como The Voice, Masterchef y Got Talent, entre otros, adem\u00e1s de invertir en otras l\u00edneas de negocios dedicadas al futbol, la construcci\u00f3n modular, las zonas francas y la tour operaci\u00f3n.<\/p>\n","protected":false},"excerpt":{"rendered":"<p>Con una gran expectativa y mucho entusiasmo fue recibido en el Aeropuerto Internacional de La Romana el primer vuelo charter de la aerol\u00ednea turca AirAnka, procedente directamente desde la ciudad&hellip; <\/p>\n","protected":false},"author":2,"featured_media":25426,"comment_status":"closed","ping_status":"closed","sticky":false,"template":"","format":"standard","meta":{"fifu_image_url":"","fifu_image_alt":"","footnotes":""},"categories":[172],"tags":[],"class_list":["post-25425","post","type-post","status-publish","format-standard","has-post-thumbnail","hentry","category-turismo"],"_links":{"self":[{"href":"https:\/\/elmundodelosnegocios.com.do\/v1\/wp-json\/wp\/v2\/posts\/25425","targetHints":{"allow":["GET"]}}],"collection":[{"href":"https:\/\/elmundodelosnegocios.com.do\/v1\/wp-json\/wp\/v2\/posts"}],"about":[{"href":"https:\/\/elmundodelosnegocios.com.do\/v1\/wp-json\/wp\/v2\/types\/post"}],"author":[{"embeddable":true,"href":"https:\/\/elmundodelosnegocios.com.do\/v1\/wp-json\/wp\/v2\/users\/2"}],"replies":[{"embeddable":true,"href":"https:\/\/elmundodelosnegocios.com.do\/v1\/wp-json\/wp\/v2\/comments?post=25425"}],"version-history":[{"count":0,"href":"https:\/\/elmundodelosnegocios.com.do\/v1\/wp-json\/wp\/v2\/posts\/25425\/revisions"}],"wp:featuredmedia":[{"embeddable":true,"href":"https:\/\/elmundodelosnegocios.com.do\/v1\/wp-json\/wp\/v2\/media\/25426"}],"wp:attachment":[{"href":"https:\/\/elmundodelosnegocios.com.do\/v1\/wp-json\/wp\/v2\/media?parent=25425"}],"wp:term":[{"taxonomy":"category","embeddable":true,"href":"https:\/\/elmundodelosnegocios.com.do\/v1\/wp-json\/wp\/v2\/categories?post=25425"},{"taxonomy":"post_tag","embeddable":true,"href":"https:\/\/elmundodelosnegocios.com.do\/v1\/wp-json\/wp\/v2\/tags?post=25425"}],"curies":[{"name":"wp","href":"https:\/\/api.w.org\/{rel}","templated":true}]}}