{"id":25478,"date":"2023-01-16T09:09:56","date_gmt":"2023-01-16T13:39:56","guid":{"rendered":"https:\/\/elmundodelosnegocios.com.do\/v1\/?p=25478"},"modified":"2023-01-16T09:09:58","modified_gmt":"2023-01-16T13:39:58","slug":"busca-collado-nuevos-acuerdos-fitur-sigan-impulsando-turismo","status":"publish","type":"post","link":"https:\/\/elmundodelosnegocios.com.do\/v1\/busca-collado-nuevos-acuerdos-fitur-sigan-impulsando-turismo\/","title":{"rendered":"Busca Collado nuevos acuerdos FITUR sigan impulsando turismo\u00a0"},"content":{"rendered":"\n<p>Santo Domingo, R.D. Enero 15, 2023.- El ministro de Turismo, David Collado, viaj\u00f3 a Madrid, Espa\u00f1a, para encabezar la delegaci\u00f3n dominicana que estar\u00e1 participando en la Feria Internacional de Turismo (FITUR 2023), en la que Rep\u00fablica Dominicana espera tener una destacada presencia y participaci\u00f3n.<\/p>\n\n\n\n<p>Collado agotar\u00e1 una apretada agenda de trabajo que inicia este lunes y en la que ya est\u00e1n pautadas m\u00e1s de 50 reuniones, en medio de las cuales se suscribir\u00e1n acuerdos con grandes marcas hoteleras y l\u00edneas a\u00e9reas.<\/p>\n\n\n\n<p>\u201cVamos a esta Feria con el compromiso de seguir trabajando sin descanso y con transparencia para poder seguir en 2023 el mismo ritmo de crecimiento que tuvimos en 2022 y que los visitantes e inversionistas europeos vean en Rep\u00fablica Dominicana como el destino id\u00f3neo del Caribe\u201d dijo Collado antes de partir por el Aeropuerto Internacional de Las Am\u00e9ricas (AILA).<\/p>\n\n\n\n<p>El primer gran evento de la semana ser\u00e1 el martes 17 al mediod\u00eda en el Auditorio del Hotel Marriott de Madrid, en donde se realizar\u00e1 la presentaci\u00f3n de \u201cROADSHOW\u201d del Ministerio de Turismo ante m\u00e1s de 200 tour operadores y agencias de viajes de Europa con el fin de presentar las atracciones y novedades del destino Rep\u00fablica Dominicana.<\/p>\n\n\n\n<p>El mi\u00e9rcoles ser\u00e1 la inauguraci\u00f3n oficial del Stand de Rep\u00fablica Dominicana en FITUR, en el cual el ministro Collado estar\u00e1 acompa\u00f1ado del presidente del Banco Popular, Christopher Paniagua, as\u00ed como, del administrador del Banreservas, Samuel Pereyra; el presidente de ASONAHORES, David Llibre; el embajador dominicano en el Reino de Espa\u00f1a, Juan Bol\u00edvar Diaz, entre otros representantes del sector privado y funcionarios que estar\u00e1n en la delegaci\u00f3n.<\/p>\n\n\n\n<p>La Organizaci\u00f3n Mundial del Turismo y el Mitur realizar\u00e1n un desayuno de inversi\u00f3n el jueves 19 en el cual se presentar\u00e1 el destino de Miches, sus planes de desarrollo, y todos los detalles sobre los hoteles que se han ido abriendo y se estar\u00e1n abriendo en 2023 y 2024, posicionando a este polo como una de las nuevas joyas tur\u00edsticas del pa\u00eds.<\/p>\n\n\n\n<p>A lo largo de la semana se estar\u00e1n entregando tambi\u00e9n varios reconocimientos a Rep\u00fablica Dominicana por su destacado desempe\u00f1o tur\u00edstico durante el 2022, siendo el \u00fanico pa\u00eds del mundo que creci\u00f3 en materia de llegada de turistas con relaci\u00f3n al a\u00f1o 2019.<\/p>\n\n\n\n<p>El funcionario inform\u00f3 que en el stand dominicano habr\u00e1 m\u00e1s de 52 coexpositores, representantes de empresas privadas.<\/p>\n\n\n\n<p>\u00abAdem\u00e1s, habr\u00e1 una vistosa representaci\u00f3n cultural y gastron\u00f3mica y una experiencia inmersiva, donde mostraremos nuestro bello pa\u00eds\u00bb, expres\u00f3 el ministro Collado al momento de partir hacia Madrid para participar en FITUR, la primera gran feria tur\u00edstica mundial del a\u00f1o.<\/p>\n","protected":false},"excerpt":{"rendered":"<p>Santo Domingo, R.D. Enero 15, 2023.- El ministro de Turismo, David Collado, viaj\u00f3 a Madrid, Espa\u00f1a, para encabezar la delegaci\u00f3n dominicana que estar\u00e1 participando en la Feria Internacional de Turismo&hellip; <\/p>\n","protected":false},"author":2,"featured_media":25479,"comment_status":"closed","ping_status":"closed","sticky":false,"template":"","format":"standard","meta":{"fifu_image_url":"","fifu_image_alt":"","footnotes":""},"categories":[172],"tags":[],"class_list":["post-25478","post","type-post","status-publish","format-standard","has-post-thumbnail","hentry","category-turismo"],"_links":{"self":[{"href":"https:\/\/elmundodelosnegocios.com.do\/v1\/wp-json\/wp\/v2\/posts\/25478","targetHints":{"allow":["GET"]}}],"collection":[{"href":"https:\/\/elmundodelosnegocios.com.do\/v1\/wp-json\/wp\/v2\/posts"}],"about":[{"href":"https:\/\/elmundodelosnegocios.com.do\/v1\/wp-json\/wp\/v2\/types\/post"}],"author":[{"embeddable":true,"href":"https:\/\/elmundodelosnegocios.com.do\/v1\/wp-json\/wp\/v2\/users\/2"}],"replies":[{"embeddable":true,"href":"https:\/\/elmundodelosnegocios.com.do\/v1\/wp-json\/wp\/v2\/comments?post=25478"}],"version-history":[{"count":0,"href":"https:\/\/elmundodelosnegocios.com.do\/v1\/wp-json\/wp\/v2\/posts\/25478\/revisions"}],"wp:featuredmedia":[{"embeddable":true,"href":"https:\/\/elmundodelosnegocios.com.do\/v1\/wp-json\/wp\/v2\/media\/25479"}],"wp:attachment":[{"href":"https:\/\/elmundodelosnegocios.com.do\/v1\/wp-json\/wp\/v2\/media?parent=25478"}],"wp:term":[{"taxonomy":"category","embeddable":true,"href":"https:\/\/elmundodelosnegocios.com.do\/v1\/wp-json\/wp\/v2\/categories?post=25478"},{"taxonomy":"post_tag","embeddable":true,"href":"https:\/\/elmundodelosnegocios.com.do\/v1\/wp-json\/wp\/v2\/tags?post=25478"}],"curies":[{"name":"wp","href":"https:\/\/api.w.org\/{rel}","templated":true}]}}