{"id":25493,"date":"2023-01-16T16:00:39","date_gmt":"2023-01-16T20:30:39","guid":{"rendered":"https:\/\/elmundodelosnegocios.com.do\/v1\/?p=25493"},"modified":"2023-01-16T16:00:44","modified_gmt":"2023-01-16T20:30:44","slug":"eligen-nueva-directiva-camara-comercio-dominico-belga-2023-2025","status":"publish","type":"post","link":"https:\/\/elmundodelosnegocios.com.do\/v1\/eligen-nueva-directiva-camara-comercio-dominico-belga-2023-2025\/","title":{"rendered":"Eligen nueva directiva C\u00e1mara Comercio Dom\u00ednico Belga 2023-2025"},"content":{"rendered":"\n<p>Santo Domingo, R.D., 16 de enero 2023.- La C\u00e1mara de Comercio, Industria y Turismo Dom\u00ednico-Belga (BELCHAM-RD), en su Asamblea General Ordinaria Anual, ha elegido a su nueva Junta Directiva, para el per\u00edodo 2023-2025. La misma se encuentra compuesta por las siguientes personas: Paulette Ricart Obj\u00edo, como Presidente; Luis Mauricio Bogaert Tavares, como Primer Vicepresidente Belga; Vincent Rooijakkers, como Segundo Vicepresidente Belga; Pablo Vi\u00f1as Guzm\u00e1n, como Primer Vicepresidente Dominicano; Pablo Torres Hern\u00e1ndez, como Segundo Vicepresidente Belga; Carlos Tavares Knipping, como Secretario; Flore Guimard de Bogaert, como Tesorera; Pedro Crouch, como Vocal; y, Patrice Leonard, como Vocal.<\/p>\n\n\n\n<p>Durante la citada asamblea, el presidente saliente, y reci\u00e9n designado c\u00f3nsul honorario del Reino de B\u00e9lgica para la Rep\u00fablica Dominicana, Sr. Miguel Mart\u00ednez Bogaert, destac\u00f3 el crecimiento de la BELCHAM-RD durante los \u00faltimos a\u00f1os y agradeci\u00f3 el apoyo provisto por los invitados presentes para el crecimiento de dicha instituci\u00f3n.<\/p>\n\n\n\n<p>As\u00ed mismo, la presidente entrante, Paulette Ricart Obj\u00edo, aprovech\u00f3 para resaltar sus altas expectativas para los siguientes dos a\u00f1os de su gesti\u00f3n como presidente de la BELCHAM-RD, y resalt\u00f3 algunas de las iniciativas que estar\u00eda impulsando, en beneficio de la profundizaci\u00f3n del comercio dominico-belga.<\/p>\n\n\n\n<p>El director ejecutivo de la misma, y vicepresidente en la EuroC\u00e1mara de Comercio de la Rep\u00fablica Dominicana, Jean Marco Pou Fern\u00e1ndez, ofreci\u00f3 detalles sobre las iniciativas recientes ejecutadas por la C\u00e1mara de Comercio Dominico-Belga, as\u00ed como sobre su participaci\u00f3n en escenarios de liderazgo importantes. Del mismo modo, destac\u00f3 que, hoy en d\u00eda, la BELCHAM-RD se encuentra en un proceso de franco crecimiento.<\/p>\n\n\n\n<p>Adem\u00e1s, en el acto, tambi\u00e9n se reconoci\u00f3 al distinguido empresario dominicano y presidente de la empresa log\u00edstica CARIBETRANS, Sr. Luis Mauricio Bogaert Hern\u00e1ndez, con la presidencia honoraria de la C\u00e1mara de Comercio Dom\u00ednico-Belga, en reconocimiento por su apoyo, dedicaci\u00f3n y compromiso con la misma. Durante su discurso en reacci\u00f3n, el Sr. Bogaert traz\u00f3 que su compromiso con la profundizaci\u00f3n de las relaciones dom\u00ednico-belgas se remonta a su bisabuelo, Sr. Libert Louis Bogaert, quien fue el primer c\u00f3nsul belga en la Rep\u00fablica Dominicana. En este mismo tenor, inst\u00f3 a los j\u00f3venes a adentrarse en las posiciones de liderazgo en el sector privado y p\u00fablico.<\/p>\n","protected":false},"excerpt":{"rendered":"<p>Santo Domingo, R.D., 16 de enero 2023.- La C\u00e1mara de Comercio, Industria y Turismo Dom\u00ednico-Belga (BELCHAM-RD), en su Asamblea General Ordinaria Anual, ha elegido a su nueva Junta Directiva, para&hellip; <\/p>\n","protected":false},"author":2,"featured_media":25494,"comment_status":"closed","ping_status":"closed","sticky":false,"template":"","format":"standard","meta":{"fifu_image_url":"","fifu_image_alt":"","footnotes":""},"categories":[83],"tags":[],"class_list":["post-25493","post","type-post","status-publish","format-standard","has-post-thumbnail","hentry","category-empresariales-empresariales"],"_links":{"self":[{"href":"https:\/\/elmundodelosnegocios.com.do\/v1\/wp-json\/wp\/v2\/posts\/25493","targetHints":{"allow":["GET"]}}],"collection":[{"href":"https:\/\/elmundodelosnegocios.com.do\/v1\/wp-json\/wp\/v2\/posts"}],"about":[{"href":"https:\/\/elmundodelosnegocios.com.do\/v1\/wp-json\/wp\/v2\/types\/post"}],"author":[{"embeddable":true,"href":"https:\/\/elmundodelosnegocios.com.do\/v1\/wp-json\/wp\/v2\/users\/2"}],"replies":[{"embeddable":true,"href":"https:\/\/elmundodelosnegocios.com.do\/v1\/wp-json\/wp\/v2\/comments?post=25493"}],"version-history":[{"count":0,"href":"https:\/\/elmundodelosnegocios.com.do\/v1\/wp-json\/wp\/v2\/posts\/25493\/revisions"}],"wp:featuredmedia":[{"embeddable":true,"href":"https:\/\/elmundodelosnegocios.com.do\/v1\/wp-json\/wp\/v2\/media\/25494"}],"wp:attachment":[{"href":"https:\/\/elmundodelosnegocios.com.do\/v1\/wp-json\/wp\/v2\/media?parent=25493"}],"wp:term":[{"taxonomy":"category","embeddable":true,"href":"https:\/\/elmundodelosnegocios.com.do\/v1\/wp-json\/wp\/v2\/categories?post=25493"},{"taxonomy":"post_tag","embeddable":true,"href":"https:\/\/elmundodelosnegocios.com.do\/v1\/wp-json\/wp\/v2\/tags?post=25493"}],"curies":[{"name":"wp","href":"https:\/\/api.w.org\/{rel}","templated":true}]}}