{"id":25496,"date":"2023-01-16T16:17:17","date_gmt":"2023-01-16T20:47:17","guid":{"rendered":"https:\/\/elmundodelosnegocios.com.do\/v1\/?p=25496"},"modified":"2023-01-16T16:19:29","modified_gmt":"2023-01-16T20:49:29","slug":"destaca-porcella-crecimiento-sky-high-y-valora-compromiso-presidente-abinader-aviacion-civil","status":"publish","type":"post","link":"https:\/\/elmundodelosnegocios.com.do\/v1\/destaca-porcella-crecimiento-sky-high-y-valora-compromiso-presidente-abinader-aviacion-civil\/","title":{"rendered":"Destaca\u00a0Porcella crecimiento Sky High y valora compromiso presidente Abinader aviaci\u00f3n civil"},"content":{"rendered":"\n<p><strong>SANTO DOMINGO<\/strong>, R.D. Enero 16, 2023.\u2013\u00a0El director general interino del Instituto Dominicano de Aviaci\u00f3n Civil (IDAC), H\u00e9ctor Porcella, valor\u00f3 el compromiso y la voluntad del presidente Luis Abinader de afianzar la aviaci\u00f3n como aliado estrat\u00e9gico del turismo y sector clave del desarrollo econ\u00f3mico nacional. Dijo que la propuesta de reforma a la ley de aviaci\u00f3n civil sometida al Congreso por el presidente\u00a0Abinader est\u00e1 destinada a convertir a la Rep\u00fablica Dominicana en el primer hub a\u00e9reo del Caribe y en uno de los principales destinos de inversi\u00f3n de Am\u00e9rica Latina.<\/p>\n\n\n\n<figure class=\"wp-block-image size-large\"><img loading=\"lazy\" decoding=\"async\" width=\"1024\" height=\"682\" src=\"https:\/\/elmundodelosnegocios.com.do\/v1\/wp-content\/uploads\/2023\/01\/Image-1-1024x682.jpeg\" alt=\"\" class=\"wp-image-25497\" srcset=\"https:\/\/elmundodelosnegocios.com.do\/v1\/wp-content\/uploads\/2023\/01\/Image-1-1024x682.jpeg 1024w, https:\/\/elmundodelosnegocios.com.do\/v1\/wp-content\/uploads\/2023\/01\/Image-1-300x200.jpeg 300w, https:\/\/elmundodelosnegocios.com.do\/v1\/wp-content\/uploads\/2023\/01\/Image-1-768x512.jpeg 768w, https:\/\/elmundodelosnegocios.com.do\/v1\/wp-content\/uploads\/2023\/01\/Image-1.jpeg 1280w\" sizes=\"auto, (max-width: 1024px) 100vw, 1024px\" \/><\/figure>\n\n\n\n<p>Porcella salud\u00f3 la presentaci\u00f3n de la nueva flotilla de la l\u00ednea Sky High Dominicana y la defini\u00f3 como una muestra del s\u00f3lido crecimiento del parque aeron\u00e1utico del pa\u00eds bajo los auspicios del gobierno del cambio.<\/p>\n\n\n\n<figure class=\"wp-block-image size-large\"><img loading=\"lazy\" decoding=\"async\" width=\"1024\" height=\"706\" src=\"https:\/\/elmundodelosnegocios.com.do\/v1\/wp-content\/uploads\/2023\/01\/Image-2023-01-131-1024x706.jpeg\" alt=\"\" class=\"wp-image-25498\" srcset=\"https:\/\/elmundodelosnegocios.com.do\/v1\/wp-content\/uploads\/2023\/01\/Image-2023-01-131-1024x706.jpeg 1024w, https:\/\/elmundodelosnegocios.com.do\/v1\/wp-content\/uploads\/2023\/01\/Image-2023-01-131-300x207.jpeg 300w, https:\/\/elmundodelosnegocios.com.do\/v1\/wp-content\/uploads\/2023\/01\/Image-2023-01-131-768x530.jpeg 768w, https:\/\/elmundodelosnegocios.com.do\/v1\/wp-content\/uploads\/2023\/01\/Image-2023-01-131.jpeg 1280w\" sizes=\"auto, (max-width: 1024px) 100vw, 1024px\" \/><\/figure>\n\n\n\n<p>En la actividad realizada en el restaurante La Vendimia, del Aeropuerto Internacional de las Am\u00e9ricas, Doctor Jos\u00e9 Francisco Pe\u00f1a G\u00f3mez, en la inauguraci\u00f3n de la nueva flotilla de aviones de Sky High, un operador a\u00e9reo nacional de aviaci\u00f3n comercial, el Presidente Luis Abinader dijo que esto representa un impulso a la din\u00e1mica que tiene ese sector actualmente.<\/p>\n\n\n\n<p>Refiri\u00f3 que las aerol\u00edneas dominicanas casi han duplicado el total de pasajeros transportados en la gesti\u00f3n anterior, tal como es el caso de Sky High, la cual, indic\u00f3, ha incrementado en un 35% los pasajeros transportados con respecto al a\u00f1o 2019 (41 mil pasajeros m\u00e1s).<\/p>\n\n\n\n<p>\u201cEn el 2022 este operador moviliz\u00f3 56 mil pasajeros en m\u00e1s de 14 rutas en la regi\u00f3n; asimismo pas\u00f3 de utilizar aeronaves con capacidad para 19 y 45 pasajeros, a operar en aeronaves con capacidad para 100 pasajeros\u201d, apunt\u00f3 el Presidente Luis Abinader.<\/p>\n\n\n\n<p>Explic\u00f3 que la disposici\u00f3n legal tiene como objetivo fomentar y aumentar la competitividad de la aviaci\u00f3n civil en el pa\u00eds, estableciendo de ese modo, los incentivos pertinentes que permitan el aumento de visitantes v\u00eda a\u00e9rea.<\/p>\n\n\n\n<p>El mandatario manifest\u00f3 que con esas disposiciones, se busca establecer adem\u00e1s, nuevas rutas dom\u00e9sticas e internacionales desde y hacia mercados estrat\u00e9gicos nacionales y fortalecer el posicionamiento dominicano como punto de conexi\u00f3n para el transporte, log\u00edstica de pasajeros y carga.<\/p>\n\n\n\n<p>En el acto, ejecutivos de Sky High Dominicana dieron a conocer sus proyectos de expansi\u00f3n y consolidaci\u00f3n trascendentes para este 2023, a\u00f1o en el que mantienen a\u00fan m\u00e1s su propuesta de valor de seguridad, solidez y compromiso de continuar siendo una l\u00ednea a\u00e9rea fiable y orgullosamente dominicana.<\/p>\n\n\n\n<p>Para este 2023 que reci\u00e9n inicia, Sky High Dominicana cuenta con una flotilla de 4 Embraer-190 de 97 pasajeros incluyendo Clase Ejecutiva, 3 Embraer-145 de 50 pasajeros, 2 Embraer-75 de 77 pasajeros con Clase Ejecutiva adem\u00e1s de un carguero Boeing 737, para un total de 10 aeronaves. Esta ampliaci\u00f3n fortalece el servicio de la aerol\u00ednea, que hoy cuenta con 21 destinos y con m\u00e1s de 4,000 operaciones al a\u00f1o, conectando el Caribe con Am\u00e9rica Latina y Estados Unidos.<\/p>\n\n\n\n<p>De su lado, el CEO de SKYHIGH Dominicana, Juan Chamizo, agradeci\u00f3 al presidente y a todos los presentes por acompa\u00f1arlos en la ampliaci\u00f3n de la propuesta a\u00e9rea de Rep\u00fablica Dominicana.<\/p>\n\n\n\n<p>Asimismo, la directora de Operaciones, de Sky High Dominicana, Cesarina Beauchamp, resalt\u00f3 que lo presentado no hubiese sido posible sin el acompa\u00f1amiento y el gran apoyo que han recibido por parte del Pleno de la Junta de Aviaci\u00f3n Civil, Aerodom, IDACC, as\u00ed como de todos los miembros que la componen como el Ministerio de Turismo, IDAC, CESAC y el Departamento Aeroportuario, entre otros.<\/p>\n\n\n\n<p>Tambi\u00e9n, la directora general de AERODOM, M\u00f3nika Infante, expres\u00f3 su satisfacci\u00f3n de recibir las nuevas aeronaves en las pistas del Aeropuerto Internacional de las Am\u00e9ricas, Jos\u00e9 Francisco Pe\u00f1a G\u00f3mez.<\/p>\n\n\n\n<p>De igual forma, Rodrigo Pereyra, representante de EMBRAER, empresa constructora de las aeronaves, expres\u00f3 su confianza en el proyecto de Sky High y su creencia en la compa\u00f1\u00eda para su crecimiento en Latinoam\u00e9rica.<\/p>\n\n\n\n<p>Asistieron al acto, el Comandante General de la Fuerza A\u00e9rea de Rep\u00fablica Dominicana, Febrillet Rodr\u00edguez, FARD; el director general del Cuerpo Especializado en Seguridad Aeroportuaria y de la Aviaci\u00f3n Civil (CESAC), coronel piloto Floreal Su\u00e1rez Mart\u00ednez, FARD y el presidente de la DNCD, contralmirante de la Armada de la Rep\u00fablica Dominicana (ARD) Jos\u00e9 Manuel Cabrera Ulloa.<\/p>\n\n\n\n<p>Tambi\u00e9n, la C\u00f3nsul General de la Ciudad de Miami, por Rep\u00fablica Dominicana, Geanilda V\u00e1zquez; los directores, del Departamento Aeroportuario, V\u00edctor Pichardo; y el presidente de la Junta de Aviaci\u00f3n Civil, H\u00e9ctor Marte Piantini.<\/p>\n","protected":false},"excerpt":{"rendered":"<p>SANTO DOMINGO, R.D. Enero 16, 2023.\u2013\u00a0El director general interino del Instituto Dominicano de Aviaci\u00f3n Civil (IDAC), H\u00e9ctor Porcella, valor\u00f3 el compromiso y la voluntad del presidente Luis Abinader de afianzar&hellip; <\/p>\n","protected":false},"author":2,"featured_media":25499,"comment_status":"closed","ping_status":"closed","sticky":false,"template":"","format":"standard","meta":{"fifu_image_url":"","fifu_image_alt":"","footnotes":""},"categories":[169],"tags":[],"class_list":["post-25496","post","type-post","status-publish","format-standard","has-post-thumbnail","hentry","category-transporte-internacional"],"_links":{"self":[{"href":"https:\/\/elmundodelosnegocios.com.do\/v1\/wp-json\/wp\/v2\/posts\/25496","targetHints":{"allow":["GET"]}}],"collection":[{"href":"https:\/\/elmundodelosnegocios.com.do\/v1\/wp-json\/wp\/v2\/posts"}],"about":[{"href":"https:\/\/elmundodelosnegocios.com.do\/v1\/wp-json\/wp\/v2\/types\/post"}],"author":[{"embeddable":true,"href":"https:\/\/elmundodelosnegocios.com.do\/v1\/wp-json\/wp\/v2\/users\/2"}],"replies":[{"embeddable":true,"href":"https:\/\/elmundodelosnegocios.com.do\/v1\/wp-json\/wp\/v2\/comments?post=25496"}],"version-history":[{"count":0,"href":"https:\/\/elmundodelosnegocios.com.do\/v1\/wp-json\/wp\/v2\/posts\/25496\/revisions"}],"wp:featuredmedia":[{"embeddable":true,"href":"https:\/\/elmundodelosnegocios.com.do\/v1\/wp-json\/wp\/v2\/media\/25499"}],"wp:attachment":[{"href":"https:\/\/elmundodelosnegocios.com.do\/v1\/wp-json\/wp\/v2\/media?parent=25496"}],"wp:term":[{"taxonomy":"category","embeddable":true,"href":"https:\/\/elmundodelosnegocios.com.do\/v1\/wp-json\/wp\/v2\/categories?post=25496"},{"taxonomy":"post_tag","embeddable":true,"href":"https:\/\/elmundodelosnegocios.com.do\/v1\/wp-json\/wp\/v2\/tags?post=25496"}],"curies":[{"name":"wp","href":"https:\/\/api.w.org\/{rel}","templated":true}]}}