{"id":25515,"date":"2023-01-17T20:51:06","date_gmt":"2023-01-18T01:21:06","guid":{"rendered":"https:\/\/elmundodelosnegocios.com.do\/v1\/?p=25515"},"modified":"2023-01-17T20:51:08","modified_gmt":"2023-01-18T01:21:08","slug":"inaugura-banreservas-oficina-representacion-en-madrid","status":"publish","type":"post","link":"https:\/\/elmundodelosnegocios.com.do\/v1\/inaugura-banreservas-oficina-representacion-en-madrid\/","title":{"rendered":"Inaugura Banreservas oficina representaci\u00f3n en Madrid"},"content":{"rendered":"\n<p><em>La entidad bancaria facilitar\u00e1 la gesti\u00f3n de servicios bancarios a la di\u00e1spora en Espa\u00f1a<\/em><\/p>\n\n\n\n<p><strong>MADRID, Espa\u00f1a.<\/strong>&nbsp;El Banco de Reservas inaugur\u00f3 una oficina de representaci\u00f3n en la capital espa\u00f1ola como parte de su estrategia de internacionalizaci\u00f3n, que permitir\u00e1 a la di\u00e1spora dominicana gestionar servicios bancarios y asesor\u00eda financiera relacionada a posibles inversiones y otras operaciones de negocios en su pa\u00eds de origen.&nbsp;<\/p>\n\n\n<div class=\"wp-block-image\">\n<figure class=\"aligncenter\"><a href=\"https:\/\/www.dominicanaexterior.com\/wp-content\/uploads\/2023\/01\/01-1.jpeg\"><img decoding=\"async\" src=\"https:\/\/www.dominicanaexterior.com\/wp-content\/uploads\/2023\/01\/01-1.jpeg\" alt=\"\" class=\"wp-image-27508\"\/><\/a><figcaption class=\"wp-element-caption\">Samuel Pereyra, administrador general de Banreservas, corta la cinta inaugural de la oficina de representaci\u00f3n de la entidad financiera abierta este martes en Madrid, en compa\u00f1\u00eda del ministro de Turismo, David Collado (derecha), el administrador Administrativo del Banco, Jos\u00e9 Manuel Almonte; Ysidro Garc\u00eda, del \u00e1rea de Negocios; Jean Hach\u00e9, miembro del Consejo de Directores; y Juan Bol\u00edvar D\u00edaz, embajador dominicano en Espa\u00f1a.<\/figcaption><\/figure>\n<\/div>\n\n\n<p>El administrador general de Banreservas, Samuel Pereyra, explic\u00f3 que \u201ccon esta iniciativa, el Banco de Reservas se convierte en el primer y \u00fanico banco dominicano con presencia en Espa\u00f1a, adem\u00e1s de que logra avanzar en su internacionalizaci\u00f3n y posicionamiento fuera de nuestras fronteras\u201d.<\/p>\n\n\n\n<p>A\u00f1adi\u00f3 que tambi\u00e9n contribuir\u00e1 a impulsar la prosperidad y el bienestar de todos los dominicanos residentes en Madrid y en otros lugares de Espa\u00f1a. Posteriormente Banreservas contempla abrir oficinas similares en Nueva York, Miami y Panam\u00e1.<\/p>\n\n\n\n<p>Las oficinas de representaci\u00f3n replicar\u00e1n todos los servicios de Banreservas desde el lugar donde se realicen, pero las operaciones financieras se realizar\u00e1n en Rep\u00fablica Dominicana, lo que permitir\u00e1 agilizar y realizar los tr\u00e1mites bancarios de los dominicanos, sin que tengan que trasladarse a su pa\u00eds.<\/p>\n\n\n\n<p>La apertura de la oficina en Madrid, ubicada en la c\u00e9ntrica avenida De la Castellana, pr\u00f3ximo al Consulado Dominicano, forma parte del programa de actividades que lleva a cabo Banreservas en el contexto de la Feria Internacional de Turismo, Fitur 2023, que se celebra en esta ciudad del 18 al 22 de este mes.<\/p>\n\n\n\n<p>Pereyra detall\u00f3 que esta oficina cuenta con un personal entrenado para ofrecer asesor\u00eda a los dominicanos residentes en Espa\u00f1a, con respecto al env\u00edo de remesas, la adquisici\u00f3n de viviendas y la adecuada gesti\u00f3n de sus recursos econ\u00f3micos, mediante inversiones en nuestro pa\u00eds.<\/p>\n\n\n\n<p>Dijo que esta oficina de representaci\u00f3n tiene especial relevancia para Banreservas, debido a que Espa\u00f1a es la segunda naci\u00f3n con la inmigraci\u00f3n dominicana m\u00e1s numerosa, ascendente a m\u00e1s de 187,345 compatriotas, cantidad que representa el 16.5 por ciento de toda la di\u00e1spora de Am\u00e9rica Latina<\/p>\n\n\n\n<p>El administrador general de la entidad bancaria agreg\u00f3 que en la nueva oficina tambi\u00e9n se asesorar\u00e1 a inversionistas espa\u00f1oles que tengan inter\u00e9s en la Rep\u00fablica Dominicana.<\/p>\n\n\n\n<p>&nbsp;El acto cont\u00f3 con la presencia del embajador dominicano en Espa\u00f1a, Juan Bol\u00edvar D\u00edaz; el ministro de Turismo, David Collado; el representante ante la Organizaci\u00f3n Mundial de Turismo, en Inglaterra, Anibal De Castro; l\u00edderes de la comunidad dominicana en Espa\u00f1a, ejecutivos de diversas empresas tur\u00edsticas, as\u00ed como due\u00f1os de cadenas hoteleras y periodistas nacionales e internacionales.<\/p>\n","protected":false},"excerpt":{"rendered":"<p>La entidad bancaria facilitar\u00e1 la gesti\u00f3n de servicios bancarios a la di\u00e1spora en Espa\u00f1a MADRID, Espa\u00f1a.&nbsp;El Banco de Reservas inaugur\u00f3 una oficina de representaci\u00f3n en la capital espa\u00f1ola como parte&hellip; <\/p>\n","protected":false},"author":2,"featured_media":25516,"comment_status":"closed","ping_status":"closed","sticky":false,"template":"","format":"standard","meta":{"fifu_image_url":"","fifu_image_alt":"","footnotes":""},"categories":[180],"tags":[],"class_list":["post-25515","post","type-post","status-publish","format-standard","has-post-thumbnail","hentry","category-banca"],"_links":{"self":[{"href":"https:\/\/elmundodelosnegocios.com.do\/v1\/wp-json\/wp\/v2\/posts\/25515","targetHints":{"allow":["GET"]}}],"collection":[{"href":"https:\/\/elmundodelosnegocios.com.do\/v1\/wp-json\/wp\/v2\/posts"}],"about":[{"href":"https:\/\/elmundodelosnegocios.com.do\/v1\/wp-json\/wp\/v2\/types\/post"}],"author":[{"embeddable":true,"href":"https:\/\/elmundodelosnegocios.com.do\/v1\/wp-json\/wp\/v2\/users\/2"}],"replies":[{"embeddable":true,"href":"https:\/\/elmundodelosnegocios.com.do\/v1\/wp-json\/wp\/v2\/comments?post=25515"}],"version-history":[{"count":0,"href":"https:\/\/elmundodelosnegocios.com.do\/v1\/wp-json\/wp\/v2\/posts\/25515\/revisions"}],"wp:featuredmedia":[{"embeddable":true,"href":"https:\/\/elmundodelosnegocios.com.do\/v1\/wp-json\/wp\/v2\/media\/25516"}],"wp:attachment":[{"href":"https:\/\/elmundodelosnegocios.com.do\/v1\/wp-json\/wp\/v2\/media?parent=25515"}],"wp:term":[{"taxonomy":"category","embeddable":true,"href":"https:\/\/elmundodelosnegocios.com.do\/v1\/wp-json\/wp\/v2\/categories?post=25515"},{"taxonomy":"post_tag","embeddable":true,"href":"https:\/\/elmundodelosnegocios.com.do\/v1\/wp-json\/wp\/v2\/tags?post=25515"}],"curies":[{"name":"wp","href":"https:\/\/api.w.org\/{rel}","templated":true}]}}