{"id":25627,"date":"2023-01-20T13:16:58","date_gmt":"2023-01-20T17:46:58","guid":{"rendered":"https:\/\/elmundodelosnegocios.com.do\/v1\/?p=25627"},"modified":"2023-01-20T13:17:01","modified_gmt":"2023-01-20T17:47:01","slug":"firman-arajet-e-ike-alianza-asistencia-viajes","status":"publish","type":"post","link":"https:\/\/elmundodelosnegocios.com.do\/v1\/firman-arajet-e-ike-alianza-asistencia-viajes\/","title":{"rendered":"Firman Arajet e ik\u00e9 alianza asistencia viajes"},"content":{"rendered":"\n<p><strong>Santo Domingo, R.D.,<\/strong> enero de 2023.- Arajet, la aerol\u00ednea de precios bajos del Caribe firm\u00f3 una alianza con\u00a0<strong>ik\u00e9<\/strong>,\u00a0l\u00edder en Latinoam\u00e9rica en el dise\u00f1o e implementaci\u00f3n de soluciones,\u00a0para desarrollar\u00a0<strong>Arajet Travel Assist<\/strong>, un programa de asistencia que busca optimizar la experiencia de viaje de los pasajeros de Arajet.<\/p>\n\n\n\n<p>Los planes de&nbsp;<strong>Arajet Travel Assist<\/strong>&nbsp;incluyen coberturas entre las que destacan gastos m\u00e9dicos por accidentes, consultas m\u00e9dicas telef\u00f3nicas, visitas m\u00e9dicas a domicilio, ambulancia, env\u00edo de medicamentos, odont\u00f3logos, traslados por convalecencia, psic\u00f3logo en l\u00ednea, acompa\u00f1amiento de menores y personas adultas, regresos anticipados por siniestro, avance de fondos, servicio legal por robo o extrav\u00edo de documentos, servicios funerarios y&nbsp;<em>concierge<\/em>, entre otros.<\/p>\n\n\n\n<p>\u201cLa alianza con&nbsp;<strong>ik\u00e9<\/strong>&nbsp;les permitir\u00e1 a nuestros pasajeros disfrutar de una experiencia mejorada de viaje, con un servicio de asistencia robusto y adaptado a sus necesidades, las 24 horas, los 7 d\u00edas de la semana,\u201d se\u00f1al\u00f3 V\u00edctor Pacheco, CEO y fundador de Arajet. \u201cAs\u00ed nuestros clientes viajar\u00e1n con la tranquilidad de contar con ese apoyo que muchas veces se requiere para enfrentar los inconvenientes que pueden surgir en los viajes internacionales.\u201d<\/p>\n\n\n\n<p>Para mejorar la experiencia de los pasajeros,&nbsp;<strong>ik\u00e9&nbsp;<\/strong>ofrece a trav\u00e9s de&nbsp;<strong>Arajet Travel Assist,<\/strong>&nbsp;asistencia para viajes con mascotas, la cual incluye consultas veterinarias telef\u00f3nicas y online, asesor\u00eda legal,&nbsp;<em>live pet friendly<\/em>&nbsp;con informaci\u00f3n sobre hoteles, restaurantes y atracciones que permiten la entrada de mascotas en el destino, referencias m\u00e9dicas veterinarias y m\u00e1s.<\/p>\n\n\n\n<p>\u201cComo parte del crecimiento y consolidaci\u00f3n de ik\u00e9 en el mercado caribe\u00f1o, firmamos esta alianza con&nbsp;<strong>Arajet<\/strong>, una empresa de valores firmes y prop\u00f3sitos en com\u00fan, lo que nos permite mejorar la vida de m\u00e1s y m\u00e1s personas, a trav\u00e9s de soluciones digitales personalizadas que acompa\u00f1an a los usuarios todos los d\u00edas, poniendo atenci\u00f3n en sus preocupaciones y necesidades\u201d, coment\u00f3 Jos\u00e9 Fernando Canasi, CEO de&nbsp;<strong>ik\u00e9<\/strong>, quien adem\u00e1s mencion\u00f3 que la empresa ha evolucionado a trav\u00e9s de la creaci\u00f3n de soluciones para conectar de manera m\u00e1s emp\u00e1tica y cercana con un nuevo usuario, \u00e1vido de experiencias extraordinarias.<\/p>\n\n\n\n<p>Arajet sirve con rutas directas a 17 destinos en 11 pa\u00edses de Norte, Centro, Sur Am\u00e9rica y el Caribe, que incluyen Ciudad de M\u00e9xico y Canc\u00fan en M\u00e9xico, Cali, Cartagena, Barranquilla, Bogot\u00e1 y Medell\u00edn en Colombia, Lima en Per\u00fa, San Salvador en El Salvador, Ciudad de Guatemala en Guatemala, San Jos\u00e9 en Costa Rica, Quito y Guayaquil en Ecuador y St. Marteen, Aruba, Curazao y Kingston en el Caribe.<\/p>\n\n\n\n<p><strong>ik\u00e9<\/strong>&nbsp;es una compa\u00f1\u00eda con presencia global que ofrece soluciones dise\u00f1adas para mejorar la vida de las personas, a trav\u00e9s del uso de alta tecnolog\u00eda y excelencia en la atenci\u00f3n al cliente, con presencia en M\u00e9xico, Colombia, Argentina y Brasil, pero con cobertura internacional para m\u00e1s de&nbsp;<strong>42.64 millones de usuarios<\/strong>&nbsp;dentro de los ecosistemas de salud, bienestar, hogar, vial, viajes y experiencias, seguridad y proyectos a la medida.<\/p>\n\n\n\n<p><strong>Arajet<\/strong>&nbsp;ya ha transportado a m\u00e1s de 90 mil personas en 4 meses de operaci\u00f3n y anunci\u00f3 que tan pronto Rep\u00fablica Dominicana y los Estados Unidos firmen un tratado de cielos abiertos, volar\u00e1 a 17 destinos en los Estados Unidos para servir mejor a la di\u00e1spora dominicana en ese pa\u00eds.<\/p>\n\n\n\n<p>***<\/p>\n\n\n\n<p><strong>Sobre Arajet:<\/strong><\/p>\n\n\n\n<p>Arajet es la primera aerol\u00ednea de bajo costo en la regi\u00f3n del Caribe que inici\u00f3 operaciones en septiembre de 2022 desde su base en el Aeropuerto de Las Am\u00e9ricas en Santo Domingo bajo su certificado de operador a\u00e9reo (AOC) de Rep\u00fablica Dominicana. Arajet opera una flota nueva de aviones Boeing 737MAX-8 que brindan viajes seguros y asequibles desde y hacia la Rep\u00fablica Dominicana y a varios destinos en Am\u00e9rica del Norte, Central y del Sur y la regi\u00f3n del Caribe. Para obtener m\u00e1s informaci\u00f3n, visite&nbsp;<a href=\"http:\/\/www.arajet.com\/\" target=\"_blank\" rel=\"noreferrer noopener\">www.arajet.com<\/a><\/p>\n\n\n\n<p><strong>Sobre ik\u00e9:<\/strong><\/p>\n\n\n\n<p>Es la compa\u00f1\u00eda l\u00edder en Latinoam\u00e9rica en el dise\u00f1o e implementaci\u00f3n de soluciones dise\u00f1adas para mejorar la vida de las personas dentro de los ecosistemas de salud, bienestar, vial, hogar, viajes y experiencias, seguridad y proyectos a la medida, con presencia en M\u00e9xico, Colombia, Argentina y Brasil pero con cobertura internacional para 42.64 millones de usuarios, con un crecimiento anual de 2.6 millones de nuevos usuarios. Todo ello a trav\u00e9s de 3 mil 200 colaboradores y una red de m\u00e1s de 10 mil proveedores certificados en la regi\u00f3n, que cubre a los 384 socios comerciales de&nbsp;<strong>ik\u00e9<\/strong>.Para m\u00e1s informaci\u00f3n, visite:&nbsp;<a href=\"https:\/\/ikeasistencia.com\/\" target=\"_blank\" rel=\"noreferrer noopener\">https:\/\/ikeasistencia.com\/<\/a>.<\/p>\n","protected":false},"excerpt":{"rendered":"<p>Santo Domingo, R.D., enero de 2023.- Arajet, la aerol\u00ednea de precios bajos del Caribe firm\u00f3 una alianza con\u00a0ik\u00e9,\u00a0l\u00edder en Latinoam\u00e9rica en el dise\u00f1o e implementaci\u00f3n de soluciones,\u00a0para desarrollar\u00a0Arajet Travel Assist,&hellip; <\/p>\n","protected":false},"author":2,"featured_media":25628,"comment_status":"closed","ping_status":"closed","sticky":false,"template":"","format":"standard","meta":{"fifu_image_url":"","fifu_image_alt":"","footnotes":""},"categories":[172],"tags":[],"class_list":["post-25627","post","type-post","status-publish","format-standard","has-post-thumbnail","hentry","category-turismo"],"_links":{"self":[{"href":"https:\/\/elmundodelosnegocios.com.do\/v1\/wp-json\/wp\/v2\/posts\/25627","targetHints":{"allow":["GET"]}}],"collection":[{"href":"https:\/\/elmundodelosnegocios.com.do\/v1\/wp-json\/wp\/v2\/posts"}],"about":[{"href":"https:\/\/elmundodelosnegocios.com.do\/v1\/wp-json\/wp\/v2\/types\/post"}],"author":[{"embeddable":true,"href":"https:\/\/elmundodelosnegocios.com.do\/v1\/wp-json\/wp\/v2\/users\/2"}],"replies":[{"embeddable":true,"href":"https:\/\/elmundodelosnegocios.com.do\/v1\/wp-json\/wp\/v2\/comments?post=25627"}],"version-history":[{"count":0,"href":"https:\/\/elmundodelosnegocios.com.do\/v1\/wp-json\/wp\/v2\/posts\/25627\/revisions"}],"wp:featuredmedia":[{"embeddable":true,"href":"https:\/\/elmundodelosnegocios.com.do\/v1\/wp-json\/wp\/v2\/media\/25628"}],"wp:attachment":[{"href":"https:\/\/elmundodelosnegocios.com.do\/v1\/wp-json\/wp\/v2\/media?parent=25627"}],"wp:term":[{"taxonomy":"category","embeddable":true,"href":"https:\/\/elmundodelosnegocios.com.do\/v1\/wp-json\/wp\/v2\/categories?post=25627"},{"taxonomy":"post_tag","embeddable":true,"href":"https:\/\/elmundodelosnegocios.com.do\/v1\/wp-json\/wp\/v2\/tags?post=25627"}],"curies":[{"name":"wp","href":"https:\/\/api.w.org\/{rel}","templated":true}]}}