{"id":25636,"date":"2023-01-21T22:28:08","date_gmt":"2023-01-22T02:58:08","guid":{"rendered":"https:\/\/elmundodelosnegocios.com.do\/v1\/?p=25636"},"modified":"2023-01-21T22:28:10","modified_gmt":"2023-01-22T02:58:10","slug":"skyhigh-dominicana-anuncia-en-madrid-nuevas-conexiones-con-las-islas-del-caribe","status":"publish","type":"post","link":"https:\/\/elmundodelosnegocios.com.do\/v1\/skyhigh-dominicana-anuncia-en-madrid-nuevas-conexiones-con-las-islas-del-caribe\/","title":{"rendered":"SkyHigh Dominicana anuncia en Madrid nuevas conexiones con las islas del Caribe"},"content":{"rendered":"\n<p>Madrid, Espa\u00f1a.- Con la presencia de representantes gubernamentales de Rep\u00fablica Dominicana y Cuba, importantes personalidades de la vida social, econ\u00f3mica, tur\u00edstica y medios de comunicaci\u00f3n, los ejecutivos de SkyHigh Dominicana realizaron un c\u00f3ctel en donde anunciaron ampliaci\u00f3n de su flotilla, nuevas rutas e incremento de frecuencias de la aerol\u00ednea.<\/p>\n\n\n\n<figure class=\"wp-block-image\"><a href=\"https:\/\/i0.wp.com\/tourismgolfandbusinessevents.com\/wp-content\/uploads\/2023\/01\/skyhigh-dominicana-anuncia-en-madrid-nuevas-conexiones-con-las-islas-del-caribe.jpg?ssl=1\"><img decoding=\"async\" src=\"https:\/\/i0.wp.com\/tourismgolfandbusinessevents.com\/wp-content\/uploads\/2023\/01\/skyhigh-dominicana-anuncia-en-madrid-nuevas-conexiones-con-las-islas-del-caribe.jpg?resize=1024%2C681&amp;ssl=1\" alt=\"\" class=\"wp-image-17361\"\/><\/a><figcaption class=\"wp-element-caption\">skyhigh dominicana anuncia en Madrid nuevas conexiones con las islas del caribe<\/figcaption><\/figure>\n\n\n\n<p>SkyHigh Dominicana participa por primera vez en FITUR 2023, acompa\u00f1ando al Ministerio de Turismo de la Rep\u00fablica Dominicana (MITUR), durante la presentaci\u00f3n del producto tur\u00edstico dominicano en la feria l\u00edder de turismo que re\u00fane los profesionales del \u00e1rea para los mercados receptivos y emisores de Iberoam\u00e9rica.<\/p>\n\n\n\n<figure class=\"wp-block-image\"><a href=\"https:\/\/i0.wp.com\/tourismgolfandbusinessevents.com\/wp-content\/uploads\/2023\/01\/Hector-Porcella.jpg?ssl=1\"><img decoding=\"async\" src=\"https:\/\/i0.wp.com\/tourismgolfandbusinessevents.com\/wp-content\/uploads\/2023\/01\/Hector-Porcella.jpg?resize=1024%2C719&amp;ssl=1\" alt=\"\" class=\"wp-image-17362\"\/><\/a><figcaption class=\"wp-element-caption\">Juan C. Garc\u00eda Granda, Jos\u00e9 A. Marte Piantini, Cesarina Beauchamp, Jordy Ballbe, H\u00e9ctor Porcella<\/figcaption><\/figure>\n\n\n\n<p>Por su excelente ubicaci\u00f3n geogr\u00e1fica y facilidades de conectividad, Rep\u00fablica Dominicana es el \u201cHub del Caribe\u201d y SkyHigh Dominicana, como l\u00ednea a\u00e9rea experta en la operaci\u00f3n desde ese centro de conexi\u00f3n, ofrece grandes ventajas a sus clientes gracias tambi\u00e9n a la oportunidad de multidestinos y amplio n\u00famero de frecuencias, lo que le convierten en el aliado ideal a la hora de viajar.<\/p>\n\n\n\n<p>Las palabras centrales estuvieron a cargo de la directora comercial, Cesarina Beauchamp, quien destac\u00f3 la relevancia del multidestinos, en su oferta de vuelos con Santo Domingo, Rep\u00fablica Dominicana como hub de operaciones y conexi\u00f3n con las islas del Caribe, Norteam\u00e9rica, Centroam\u00e9rica y Suram\u00e9rica.<\/p>\n\n\n\n<p>Actualmente, vuela a 21 destinos y realiza m\u00e1s de 4,000 operaciones al a\u00f1o; desde el Caribe con Santo Domingo, St. Maarten, Aruba, Curazao, Antigua, St. Kitts, Bonaire, Anguilla, T\u00f3rtola, Guadalupe, Martinica, Martinica, La Habana, Santiago de Cuba, Kingston, Holgu\u00edn y St. Thomas. Desde Estados Unidos con Miami, Providence y Tampa; y en Suram\u00e9rica, con Caracas, Venezuela, conectando el Caribe con Norteam\u00e9rica, Centroam\u00e9rica y Suram\u00e9rica.<\/p>\n\n\n\n<p>Pensando siempre en facilitar la interconectividad de sus destinos, recientemente aument\u00f3 a una frecuencia diaria la ruta de Miami y, ha sido tan alta la demanda del p\u00fablico, que ya se hacen los aprestos para dos operaciones por d\u00eda. Adicionalmente se incorpora la ruta de Providence, para facilitar el acceso a la comunidad dominicana, y Saint Thomas, que est\u00e1 dentro del plan de crecimiento de nuestras rutas en el Caribe.<\/p>\n\n\n\n<p>La Sra. Beauchamp al hablar del crecimiento sostenido que han mantenido en sus 12 a\u00f1os de operaciones y la flexibilidad de sus vuelos, la ejecutiva anunci\u00f3: \u201cUstedes son los primeros en recibir las buenas nuevas, y es que, partir del 13 de febrero estaremos conectando Martinica con La Habana, permiti\u00e9ndonos esto enlazar Cuba con el Caribe Franc\u00e9s y ofrecer, adem\u00e1s una opci\u00f3n tur\u00edstica para los franceses que llegan desde Par\u00eds a Martinica\u201d.<\/p>\n","protected":false},"excerpt":{"rendered":"<p>Madrid, Espa\u00f1a.- Con la presencia de representantes gubernamentales de Rep\u00fablica Dominicana y Cuba, importantes personalidades de la vida social, econ\u00f3mica, tur\u00edstica y medios de comunicaci\u00f3n, los ejecutivos de SkyHigh Dominicana&hellip; <\/p>\n","protected":false},"author":2,"featured_media":25637,"comment_status":"closed","ping_status":"closed","sticky":false,"template":"","format":"standard","meta":{"fifu_image_url":"","fifu_image_alt":"","footnotes":""},"categories":[169],"tags":[],"class_list":["post-25636","post","type-post","status-publish","format-standard","has-post-thumbnail","hentry","category-transporte-internacional"],"_links":{"self":[{"href":"https:\/\/elmundodelosnegocios.com.do\/v1\/wp-json\/wp\/v2\/posts\/25636","targetHints":{"allow":["GET"]}}],"collection":[{"href":"https:\/\/elmundodelosnegocios.com.do\/v1\/wp-json\/wp\/v2\/posts"}],"about":[{"href":"https:\/\/elmundodelosnegocios.com.do\/v1\/wp-json\/wp\/v2\/types\/post"}],"author":[{"embeddable":true,"href":"https:\/\/elmundodelosnegocios.com.do\/v1\/wp-json\/wp\/v2\/users\/2"}],"replies":[{"embeddable":true,"href":"https:\/\/elmundodelosnegocios.com.do\/v1\/wp-json\/wp\/v2\/comments?post=25636"}],"version-history":[{"count":0,"href":"https:\/\/elmundodelosnegocios.com.do\/v1\/wp-json\/wp\/v2\/posts\/25636\/revisions"}],"wp:featuredmedia":[{"embeddable":true,"href":"https:\/\/elmundodelosnegocios.com.do\/v1\/wp-json\/wp\/v2\/media\/25637"}],"wp:attachment":[{"href":"https:\/\/elmundodelosnegocios.com.do\/v1\/wp-json\/wp\/v2\/media?parent=25636"}],"wp:term":[{"taxonomy":"category","embeddable":true,"href":"https:\/\/elmundodelosnegocios.com.do\/v1\/wp-json\/wp\/v2\/categories?post=25636"},{"taxonomy":"post_tag","embeddable":true,"href":"https:\/\/elmundodelosnegocios.com.do\/v1\/wp-json\/wp\/v2\/tags?post=25636"}],"curies":[{"name":"wp","href":"https:\/\/api.w.org\/{rel}","templated":true}]}}