{"id":25645,"date":"2023-01-21T22:41:07","date_gmt":"2023-01-22T03:11:07","guid":{"rendered":"https:\/\/elmundodelosnegocios.com.do\/v1\/?p=25645"},"modified":"2023-01-21T22:41:08","modified_gmt":"2023-01-22T03:11:08","slug":"jac-firma-acuerdo-con-universidad-de-espana-para-fomentar-capacitacion-en-aviacion-civil","status":"publish","type":"post","link":"https:\/\/elmundodelosnegocios.com.do\/v1\/jac-firma-acuerdo-con-universidad-de-espana-para-fomentar-capacitacion-en-aviacion-civil\/","title":{"rendered":"JAC firma acuerdo con universidad de Espa\u00f1a para fomentar capacitaci\u00f3n en aviaci\u00f3n civil"},"content":{"rendered":"\n<p>Espa\u00f1a. &#8211;&nbsp;<strong>La Junta de Aviaci\u00f3n Civil (JAC), la Universidad a Distancia de Madrid (UDIMA) y CEF Santo Domingo<\/strong>&nbsp;suscribieron un convenio de&nbsp;<strong>colaboraci\u00f3n interinstitucional,<\/strong>&nbsp;para fomentar la capacitaci\u00f3n de los servidores p\u00fablicos de la JAC en&nbsp;<strong>temas de aviaci\u00f3n civil y transporte a\u00e9reo.<\/strong><\/p>\n\n\n\n<p>As\u00ed lo dio a conocer el&nbsp;<strong>doctor Jos\u00e9 Ernesto Marte Piantini<\/strong>&nbsp;desde la Feria Internacional de Turismo&nbsp;<strong>(FITUR 2023<\/strong>) que se realiza del 18 al 21 de enero en esta capital espa\u00f1ola.<\/p>\n\n\n\n<p>Durante la firma del acuerdo, los representantes de las instituciones,&nbsp;<strong>Marte Piantini, presidente de la JAC y Arturo de las Heras Garc\u00eda, presidente del Grupo Educativo UDIMA,<\/strong>&nbsp;manifestaron el alto inter\u00e9s de continuar con la&nbsp;<strong>actualizaci\u00f3n y especializaci\u00f3n<\/strong>&nbsp;del talento humano de esta instituci\u00f3n.<\/p>\n\n\n\n<p>Marte Piantini dijo que&nbsp;<em>\u00abcon este convenio acad\u00e9mico se pretende potenciar la actualizaci\u00f3n y capacitaci\u00f3n de todos los servidores p\u00fablicos de la JAC, convenio que se traducir\u00e1 en excelencia del servicio a los usuarios del transporte a\u00e9reo\u201d.<\/em><\/p>\n\n\n\n<p>A su vez, el presidente del Grupo Educativo UDIMA afirm\u00f3 que&nbsp;<em>\u201ceste acuerdo es muy importante porque nos permite acercarnos a la aviaci\u00f3n civil dominicana y ofrecerles formaci\u00f3n a los servidores de la JAC en Santo Domingo y Espa\u00f1a\u201d.<\/em><\/p>\n\n\n\n<p>Marte explic\u00f3 que a trav\u00e9s del convenio la JAC, UDIMA y CEF Santo Domingo se comprometen a fomentar el intercambio de experiencias en los campos de&nbsp;<strong>la docencia, la investigaci\u00f3n y la cooperaci\u00f3n<\/strong>&nbsp;dentro de aquellas \u00e1reas en las cuales ambas tengan inter\u00e9s manifiesto.<\/p>\n\n\n\n<p>El convenio con UDIMA, universidad privada oficialmente reconocida por la Ley de la Comunidad de Madrid, se har\u00e1 efectivo a trav\u00e9s de<strong>l Centro de Estudios Financieros- CEF Santo Domingo<\/strong>, instituto de educaci\u00f3n superior aprobado por el Consejo Nacional de Educaci\u00f3n Superior, Ciencia y Tecnolog\u00eda, (CONESCyT), el cual se dedica a la&nbsp;<strong>formaci\u00f3n en postgrados, as\u00ed como a la organizaci\u00f3n de diplomados, cursos y seminarios.<\/strong><\/p>\n\n\n\n<p><strong>El acuerdo<\/strong><\/p>\n\n\n\n<p>Por medio de este convenio, UDIMA se compromete a apoyar a la JAC en cualquier programa formativo ofrecido por la universidad, especialmente en los programas de Derecho Aeron\u00e1utico y Espacial, M\u00e1ster en Gesti\u00f3n y Direcci\u00f3n Aeroportuaria y Aeron\u00e1utica, Curso Avanzado sobre Gesti\u00f3n de Operaciones y Desarrollo Aeroportuario, as\u00ed como en las capacitaciones especializadas en Derecho Aeron\u00e1utico Internacional, adem\u00e1s de los programas formativos que tiene la academia.<\/p>\n\n\n\n<p>El convenio tambi\u00e9n establece promocionar, fomentar y promover la&nbsp;<strong>ejecuci\u00f3n conjunta<\/strong>&nbsp;de proyectos y programas de&nbsp;<strong>investigaci\u00f3n<\/strong>&nbsp;para el personal t\u00e9cnico.<\/p>\n\n\n\n<p>Por otro lado, la UDIMA y la JAC colaborar\u00e1n conjuntamente en la b\u00fasqueda de proyectos de investigaci\u00f3n con el fin de desarrollar&nbsp;<strong>encuentros profesionales, ponencias, charlas, conferencias y seminarios con inter\u00e9s para ambas partes.<\/strong><\/p>\n\n\n\n<p><strong>Otras negociaciones de aviaci\u00f3n civil en el marco de FITUR 2023<\/strong><\/p>\n\n\n\n<p>En el marco de la Feria Internacional de Turismo, el presidente de la JAC, Jos\u00e9 Marte Piantini, sostuvo una&nbsp;<strong>reuni\u00f3n con ejecutivos del operador a\u00e9reo Evelop<\/strong>, para conversar de sus nuevos proyectos en Rep\u00fablica Dominicana. La reuni\u00f3n se llev\u00f3 a cabo con los representantes de la aerol\u00ednea,&nbsp;<strong>Joaqu\u00edn Mateo y Antonio Mota<\/strong>.<\/p>\n","protected":false},"excerpt":{"rendered":"<p>Espa\u00f1a. &#8211;&nbsp;La Junta de Aviaci\u00f3n Civil (JAC), la Universidad a Distancia de Madrid (UDIMA) y CEF Santo Domingo&nbsp;suscribieron un convenio de&nbsp;colaboraci\u00f3n interinstitucional,&nbsp;para fomentar la capacitaci\u00f3n de los servidores p\u00fablicos de&hellip; <\/p>\n","protected":false},"author":2,"featured_media":25646,"comment_status":"closed","ping_status":"closed","sticky":false,"template":"","format":"standard","meta":{"fifu_image_url":"","fifu_image_alt":"","footnotes":""},"categories":[151],"tags":[],"class_list":["post-25645","post","type-post","status-publish","format-standard","has-post-thumbnail","hentry","category-gerencia"],"_links":{"self":[{"href":"https:\/\/elmundodelosnegocios.com.do\/v1\/wp-json\/wp\/v2\/posts\/25645","targetHints":{"allow":["GET"]}}],"collection":[{"href":"https:\/\/elmundodelosnegocios.com.do\/v1\/wp-json\/wp\/v2\/posts"}],"about":[{"href":"https:\/\/elmundodelosnegocios.com.do\/v1\/wp-json\/wp\/v2\/types\/post"}],"author":[{"embeddable":true,"href":"https:\/\/elmundodelosnegocios.com.do\/v1\/wp-json\/wp\/v2\/users\/2"}],"replies":[{"embeddable":true,"href":"https:\/\/elmundodelosnegocios.com.do\/v1\/wp-json\/wp\/v2\/comments?post=25645"}],"version-history":[{"count":0,"href":"https:\/\/elmundodelosnegocios.com.do\/v1\/wp-json\/wp\/v2\/posts\/25645\/revisions"}],"wp:featuredmedia":[{"embeddable":true,"href":"https:\/\/elmundodelosnegocios.com.do\/v1\/wp-json\/wp\/v2\/media\/25646"}],"wp:attachment":[{"href":"https:\/\/elmundodelosnegocios.com.do\/v1\/wp-json\/wp\/v2\/media?parent=25645"}],"wp:term":[{"taxonomy":"category","embeddable":true,"href":"https:\/\/elmundodelosnegocios.com.do\/v1\/wp-json\/wp\/v2\/categories?post=25645"},{"taxonomy":"post_tag","embeddable":true,"href":"https:\/\/elmundodelosnegocios.com.do\/v1\/wp-json\/wp\/v2\/tags?post=25645"}],"curies":[{"name":"wp","href":"https:\/\/api.w.org\/{rel}","templated":true}]}}