{"id":25658,"date":"2023-01-23T09:47:50","date_gmt":"2023-01-23T14:17:50","guid":{"rendered":"https:\/\/elmundodelosnegocios.com.do\/v1\/?p=25658"},"modified":"2023-01-23T09:47:54","modified_gmt":"2023-01-23T14:17:54","slug":"concluye-fitur-2023-con-mas-exitosa-participacion-dominicana","status":"publish","type":"post","link":"https:\/\/elmundodelosnegocios.com.do\/v1\/concluye-fitur-2023-con-mas-exitosa-participacion-dominicana\/","title":{"rendered":"Concluye FITUR 2023 con m\u00e1s exitosa participaci\u00f3n Dominicana\u00a0"},"content":{"rendered":"\n<p><strong>Madrid, Espa\u00f1a<\/strong>. Enero 23, 2023.- Rep\u00fablica Dominicana logr\u00f3 este a\u00f1o sus mayores \u00e9xitos en la historia de su participaci\u00f3n&nbsp; en la feria tur\u00edstica de FITUR, donde tuvo uno de los stand m\u00e1s visitados y se lograron acuerdos por miles de millones de d\u00f3lares.<\/p>\n\n\n<div class=\"wp-block-image\">\n<figure class=\"aligncenter size-full\"><img loading=\"lazy\" decoding=\"async\" width=\"1024\" height=\"682\" src=\"https:\/\/elmundodelosnegocios.com.do\/v1\/wp-content\/uploads\/2023\/01\/1-0.jpg\" alt=\"\" class=\"wp-image-25659\" srcset=\"https:\/\/elmundodelosnegocios.com.do\/v1\/wp-content\/uploads\/2023\/01\/1-0.jpg 1024w, https:\/\/elmundodelosnegocios.com.do\/v1\/wp-content\/uploads\/2023\/01\/1-0-300x200.jpg 300w, https:\/\/elmundodelosnegocios.com.do\/v1\/wp-content\/uploads\/2023\/01\/1-0-768x512.jpg 768w\" sizes=\"auto, (max-width: 1024px) 100vw, 1024px\" \/><\/figure>\n<\/div>\n\n\n<p>Desde que inici\u00f3 la feria, el mi\u00e9rcoles 18, el stand dominicano atrajo la atenci\u00f3n de las personas, ya que le garantizaba vivir una experiencia inmersiva tridimensional en los grandes y diversos atractivos tur\u00edsticos de Rep\u00fablica Dominicana, a m\u00e1s de 8 mil kil\u00f3metros de esa realidad.<\/p>\n\n\n<div class=\"wp-block-image\">\n<figure class=\"aligncenter size-full\"><img loading=\"lazy\" decoding=\"async\" width=\"768\" height=\"534\" src=\"https:\/\/elmundodelosnegocios.com.do\/v1\/wp-content\/uploads\/2023\/01\/1-1-2.jpg\" alt=\"\" class=\"wp-image-25660\" srcset=\"https:\/\/elmundodelosnegocios.com.do\/v1\/wp-content\/uploads\/2023\/01\/1-1-2.jpg 768w, https:\/\/elmundodelosnegocios.com.do\/v1\/wp-content\/uploads\/2023\/01\/1-1-2-300x209.jpg 300w\" sizes=\"auto, (max-width: 768px) 100vw, 768px\" \/><\/figure>\n<\/div>\n\n\n<p>En el stand dominicano qued\u00f3 impregnado el ingenio y el talento de Iv\u00e1n Tovar con su \u00abSurrealismo Vivo\u201d.<\/p>\n\n\n\n<p>Tovar, oriundo de San Francisco de Macor\u00eds, es actualmente el artista dominicano m\u00e1s cotizado, tras la venta de su obra \u201cLa Menace\/ La Amenaza\u201d, en la casa de subasta Sotheby\u2019s, por doscientos cincuenta mil d\u00f3lares (US$250,000) en mayo de 2020.<\/p>\n\n\n\n<p>Su obra est\u00e1 caracterizada por formas volum\u00e9tricas y espaciales sobre fondo oscuro, enmarcadas dentro del Surrealismo, estilo que asumi\u00f3 mientras vivi\u00f3 en Par\u00eds, exponiendo junto a los grandes representantes del Surrealismo a nivel internacional.<\/p>\n\n\n\n<p>El ministro de Turismo, David Collado, mostr\u00f3 su satisfacci\u00f3n por los logros alcanzados en FITUR, tras asegurar que es \u00absin dudas la m\u00e1s exitosa participaci\u00f3n de Rep\u00fablica Dominicana en esta importante&nbsp;feria tur\u00edstica de Espa\u00f1a y del mundo\u00bb.<\/p>\n\n\n\n<p>\u00abLos logros en FITUR son hechos tangibles: mayor conectividad y acuerdos que representan inversiones por millones de millones de d\u00f3lares\u00bb, dijo Collado.<\/p>\n\n\n\n<p>Record\u00f3 que se lograron acuerdos en FITUR por m\u00e1s de 3 mil 445 millones de d\u00f3lares para desarrollo tur\u00edstico, de los cuales 1,645 millones se invertir\u00e1n este mismo a\u00f1o.<\/p>\n\n\n\n<p>Manifest\u00f3 que gracias a esas inversiones se construir\u00e1n m\u00e1s de 3 mil nuevas habitaciones, que generar\u00e1n diez mil empleos de manera directa e indirecta.Tambi\u00e9n destac\u00f3 los acuerdos que se suscribieron con l\u00edneas a\u00e9reas y los principales tour operadores de Europa.<\/p>\n","protected":false},"excerpt":{"rendered":"<p>Madrid, Espa\u00f1a. Enero 23, 2023.- Rep\u00fablica Dominicana logr\u00f3 este a\u00f1o sus mayores \u00e9xitos en la historia de su participaci\u00f3n&nbsp; en la feria tur\u00edstica de FITUR, donde tuvo uno de los&hellip; <\/p>\n","protected":false},"author":2,"featured_media":25659,"comment_status":"closed","ping_status":"closed","sticky":false,"template":"","format":"standard","meta":{"fifu_image_url":"","fifu_image_alt":"","footnotes":""},"categories":[172],"tags":[],"class_list":["post-25658","post","type-post","status-publish","format-standard","has-post-thumbnail","hentry","category-turismo"],"_links":{"self":[{"href":"https:\/\/elmundodelosnegocios.com.do\/v1\/wp-json\/wp\/v2\/posts\/25658","targetHints":{"allow":["GET"]}}],"collection":[{"href":"https:\/\/elmundodelosnegocios.com.do\/v1\/wp-json\/wp\/v2\/posts"}],"about":[{"href":"https:\/\/elmundodelosnegocios.com.do\/v1\/wp-json\/wp\/v2\/types\/post"}],"author":[{"embeddable":true,"href":"https:\/\/elmundodelosnegocios.com.do\/v1\/wp-json\/wp\/v2\/users\/2"}],"replies":[{"embeddable":true,"href":"https:\/\/elmundodelosnegocios.com.do\/v1\/wp-json\/wp\/v2\/comments?post=25658"}],"version-history":[{"count":0,"href":"https:\/\/elmundodelosnegocios.com.do\/v1\/wp-json\/wp\/v2\/posts\/25658\/revisions"}],"wp:featuredmedia":[{"embeddable":true,"href":"https:\/\/elmundodelosnegocios.com.do\/v1\/wp-json\/wp\/v2\/media\/25659"}],"wp:attachment":[{"href":"https:\/\/elmundodelosnegocios.com.do\/v1\/wp-json\/wp\/v2\/media?parent=25658"}],"wp:term":[{"taxonomy":"category","embeddable":true,"href":"https:\/\/elmundodelosnegocios.com.do\/v1\/wp-json\/wp\/v2\/categories?post=25658"},{"taxonomy":"post_tag","embeddable":true,"href":"https:\/\/elmundodelosnegocios.com.do\/v1\/wp-json\/wp\/v2\/tags?post=25658"}],"curies":[{"name":"wp","href":"https:\/\/api.w.org\/{rel}","templated":true}]}}