{"id":25665,"date":"2023-01-23T13:16:06","date_gmt":"2023-01-23T17:46:06","guid":{"rendered":"https:\/\/elmundodelosnegocios.com.do\/v1\/?p=25665"},"modified":"2023-01-23T13:16:10","modified_gmt":"2023-01-23T17:46:10","slug":"juramentan-nueva-junta-directiva-empresas-e-industrias-de-herrera","status":"publish","type":"post","link":"https:\/\/elmundodelosnegocios.com.do\/v1\/juramentan-nueva-junta-directiva-empresas-e-industrias-de-herrera\/","title":{"rendered":"Juramentan nueva Junta Directiva Empresas e Industrias de Herrera"},"content":{"rendered":"\n<p>La Asociaci\u00f3n Nacional de Empresas e Industrias Herrera (ANEIH) eligi\u00f3 el nuevo directorio ejecutivo que regir\u00e1 los destinos de la organizaci\u00f3n gremial durante el per\u00edodo 2022-2023, el cual estar\u00e1 encabezado por el empresario de la industria de pinturas, Rub\u00e9n Acevedo.<\/p>\n\n\n\n<p>El nuevo presidente electo de la ANEIH tom\u00f3 posesi\u00f3n este martes 17 de enero y suceder\u00e1 en la presidencia a Noel Ure\u00f1a Ceballos, quien culmin\u00f3 su mandato en diciembre, tras agotar el per\u00edodo institucional 2021-2022.<\/p>\n\n\n\n<p>Acevedo es el vicepresidente ejecutivo y gerente general de Pinturas Popular, fundada en 1964, l\u00edder en la mayor\u00eda de sus actividades comerciales y una de las empresas industriales m\u00e1s importantes de Rep\u00fablica Dominicana, por su volumen de ventas como por la calidad de sus productos.<\/p>\n\n\n\n<p>Durante su discurso al asumir la presidencia del ANEIH, Acevedo manifest\u00f3&nbsp;hay tres pilares que los que se enfocar\u00e1 con los dem\u00e1s miembros de esta nueva directiva, en primer lugar propugnar por la revisi\u00f3n del esquema tributario de las peque\u00f1as y medianas empresas, me parece que hay espacio para mejorarlos en funci\u00f3n de disponer de un esquema m\u00e1s equitativo.&nbsp;&nbsp;<\/p>\n\n\n\n<p>En segundo profundizar los planes de formaci\u00f3n del recurso humano que en este momento se forma a trav\u00e9s del Instituto Nacional de Formaci\u00f3n T\u00e9cnico Profesional (Infotep) para perfilarlos con base en la actualizaci\u00f3n de las necesidades m\u00e1s adecuadas al momento, para lo cual ofrecer\u00e1n desde ya la cooperaci\u00f3n de la Asociaci\u00f3n de Empresas e Industrias de Herrera al instrumento formativo&nbsp; de la entidad.<\/p>\n\n\n\n<p>Y el tercer pilar es fomentar los planes y proyectos que tienen que ver con los programas de gesti\u00f3n de calidad de la cadena de suministro.&nbsp; \u201cEstos objetivos, aunque no limitativos, de alguna manera resumen nuestro inter\u00e9s en encaminar estas iniciativas con el prop\u00f3sito de que nuestra Asociaci\u00f3n contin\u00fae brindando servicio de calidad a nuestros asociados\u201d, dijo.<\/p>\n\n\n\n<p>Adem\u00e1s de Acevedo, integran el nuevo directorio&nbsp;Euri Andujar&nbsp;y \u00c1ngelo Viro, primer y segundo vicepresidente, respectivamente Walker Sterling, secretario; C\u00e1ndida Mej\u00eda, tesorera y los vocales Desaire Logro\u00f1o, Jos\u00e9 Luis Bautista,&nbsp;<\/p>\n\n\n\n<p>Francis Mateo, Pedro Oliver, Leonardo Vargas y David Mosquea.&nbsp;<\/p>\n\n\n\n<p>De su lado, al esbozar su informe de rendici\u00f3n de cuentas, Ure\u00f1a Ceballos expuso que la directiva saliente logr\u00f3 la consolidaci\u00f3n del marco institucional, reorganizando la Asociaci\u00f3n a nivel interno, implementando nuevamente un sistema de gesti\u00f3n de calidad y definiendo una estructura operativa m\u00e1s ajustada a la realidad.&nbsp;<\/p>\n\n\n\n<p>Adem\u00e1s, expres\u00f3 que mejoraron los indicadores financieros y la proyecci\u00f3n de la Asociacion como una marca fuerte, visible a lo externo como&nbsp; un organismo de reconocimiento nacional que se ha&nbsp; caracterizado por realizar aportes al crecimiento econ\u00f3mico y social del pa\u00eds.<\/p>\n\n\n\n<p>En el \u00e1mbito interinstitucional, reiniciaron las relaciones con el gobierno y trabajaron conjuntamente, impulsando proyectos de fortalecimiento para la industria, como ejemplo: el proyecto \u201cDise\u00f1a con la Industria\u201d, el \u201cProyecto Diagn\u00f3sticos de Producci\u00f3n M\u00e1s Limpia\u201d, el proyecto \u201cNormativa de Calidad para Micro, Peque\u00f1a y Mediana Empresas (MiPymes)\u201d y la realizaci\u00f3n de la Quinta Edici\u00f3n del Premio Nacional a la Calidad del Sector Privado.&nbsp;<\/p>\n\n\n\n<p>La directiva adem\u00e1s realiz\u00f3 acuerdos de Cooperaci\u00f3n Institucional con Proindustria, Infotep y Cedimat.<\/p>\n\n\n\n<p>Y&nbsp; se trabaj\u00f3 un proyecto de Reordenamiento de la Zona Industrial de Herrera. Tambi\u00e9n se realizaron los simposios: \u201cLos Cambios en el Negocio de Hoy y su Impacto en el Pa\u00eds\u201d e \u201cInnova ANEIH-2022\u201d.<\/p>\n","protected":false},"excerpt":{"rendered":"<p>La Asociaci\u00f3n Nacional de Empresas e Industrias Herrera (ANEIH) eligi\u00f3 el nuevo directorio ejecutivo que regir\u00e1 los destinos de la organizaci\u00f3n gremial durante el per\u00edodo 2022-2023, el cual estar\u00e1 encabezado&hellip; <\/p>\n","protected":false},"author":2,"featured_media":25666,"comment_status":"closed","ping_status":"closed","sticky":false,"template":"","format":"standard","meta":{"fifu_image_url":"","fifu_image_alt":"","footnotes":""},"categories":[154],"tags":[],"class_list":["post-25665","post","type-post","status-publish","format-standard","has-post-thumbnail","hentry","category-industria"],"_links":{"self":[{"href":"https:\/\/elmundodelosnegocios.com.do\/v1\/wp-json\/wp\/v2\/posts\/25665","targetHints":{"allow":["GET"]}}],"collection":[{"href":"https:\/\/elmundodelosnegocios.com.do\/v1\/wp-json\/wp\/v2\/posts"}],"about":[{"href":"https:\/\/elmundodelosnegocios.com.do\/v1\/wp-json\/wp\/v2\/types\/post"}],"author":[{"embeddable":true,"href":"https:\/\/elmundodelosnegocios.com.do\/v1\/wp-json\/wp\/v2\/users\/2"}],"replies":[{"embeddable":true,"href":"https:\/\/elmundodelosnegocios.com.do\/v1\/wp-json\/wp\/v2\/comments?post=25665"}],"version-history":[{"count":0,"href":"https:\/\/elmundodelosnegocios.com.do\/v1\/wp-json\/wp\/v2\/posts\/25665\/revisions"}],"wp:featuredmedia":[{"embeddable":true,"href":"https:\/\/elmundodelosnegocios.com.do\/v1\/wp-json\/wp\/v2\/media\/25666"}],"wp:attachment":[{"href":"https:\/\/elmundodelosnegocios.com.do\/v1\/wp-json\/wp\/v2\/media?parent=25665"}],"wp:term":[{"taxonomy":"category","embeddable":true,"href":"https:\/\/elmundodelosnegocios.com.do\/v1\/wp-json\/wp\/v2\/categories?post=25665"},{"taxonomy":"post_tag","embeddable":true,"href":"https:\/\/elmundodelosnegocios.com.do\/v1\/wp-json\/wp\/v2\/tags?post=25665"}],"curies":[{"name":"wp","href":"https:\/\/api.w.org\/{rel}","templated":true}]}}