{"id":25687,"date":"2023-01-24T13:02:18","date_gmt":"2023-01-24T17:32:18","guid":{"rendered":"https:\/\/elmundodelosnegocios.com.do\/v1\/?p=25687"},"modified":"2023-01-24T13:02:24","modified_gmt":"2023-01-24T17:32:24","slug":"en-fitur-2023-anuncio-nader-enterprises-proyecto-turistico-maralda-en-miches","status":"publish","type":"post","link":"https:\/\/elmundodelosnegocios.com.do\/v1\/en-fitur-2023-anuncio-nader-enterprises-proyecto-turistico-maralda-en-miches\/","title":{"rendered":"En FITUR 2023 anuncio NADER ENTERPRISES proyecto tur\u00edstico \u201cMaralda\u201d en Miches"},"content":{"rendered":"\n<p>MADRID, Espa\u00f1a. Enero 24, 2023.- El joven empresario George Alexander Nader, present\u00f3 en el marco de FITUR 2023, y durante el desayuno organizado por el Ministerio de Turismo y la Organizaci\u00f3n Mundial del Turismo llamado \u201cProyecto Promiches \u2013 Oportunidades de Inversi\u00f3n\u201d, su proyecto \u201cMaralda\u201d a ser desarrollado en Miches.<\/p>\n\n\n\n<p>Nader manifest\u00f3 a los presentes que \u201cMaralda es el proyecto que, gracias a su conceptualizaci\u00f3n, ubicaci\u00f3n, permisolog\u00eda y licencias, infraestructura y su estructuraci\u00f3n financiera y legal, promete a los inversionistas colocar su capital a trabajar, generar un impacto positivo en la regi\u00f3n, y responder al mercado con un gran producto a la mayor velocidad y con la mayor seguridad\u201d.<\/p>\n\n\n\n<p>\u201cMaralda\u201d es un desarrollo que va desde la carretera Punta Cana \u2013 Miches hasta la playa, y aunque el proyecto se va desarrollar en distintas fases, durante el desayuno Nader present\u00f3 lo que denomin\u00f3 \u201cproyectos catalizadores del desarrollo sostenible de Maralda\u201d, estos son: dos hoteles de playa, una rambla en la playa que se posicionar\u00e1 como el distrito de uso mixto residencial, comercial, de entretenimiento y cultura de la zona hotelera de Miches, un hotel de monta\u00f1a, lotes para villas, una ciudad inteligente de viviendas asequibles, y un proyecto residencial innovador, ganador de 17 premios internacionales de arquitectura llamado NOOM, asociado con la empresa Grupo NX6 de M\u00e9xico<\/p>\n\n\n\n<p>Nader concluy\u00f3 su presentaci\u00f3n manifestando que \u201ctodas las condiciones est\u00e1n dadas para que los inversionistas construyamos un destino modelo; tenemos el mercado, los proyectos, el financiamiento, el apoyo del estado, la infraestructura, los inversionistas institucionales locales y las cadenas hoteleras de mayor renombre a nivel mundial interesadas en la regi\u00f3n, por eso afirmo que a Miches le lleg\u00f3 su hora\u201d.<\/p>\n\n\n\n<p>Sobre Nader Enterprises<\/p>\n\n\n\n<p>Nader Enterprises es una firma de inversi\u00f3n, desarrollo y administraci\u00f3n de activos basada en la Rep\u00fablica Dominicana con un enfoque principal en el sector inmobiliario y tur\u00edstico. En su portafolio de activos tiene empresas, proyectos e inversiones en las \u00e1reas residencial, comercial, hotelera, agr\u00edcola y megaproyectos tur\u00edsticos en Uvero Alto y Miches.<\/p>\n","protected":false},"excerpt":{"rendered":"<p>MADRID, Espa\u00f1a. Enero 24, 2023.- El joven empresario George Alexander Nader, present\u00f3 en el marco de FITUR 2023, y durante el desayuno organizado por el Ministerio de Turismo y la&hellip; <\/p>\n","protected":false},"author":2,"featured_media":25688,"comment_status":"closed","ping_status":"closed","sticky":false,"template":"","format":"standard","meta":{"fifu_image_url":"","fifu_image_alt":"","footnotes":""},"categories":[69],"tags":[],"class_list":["post-25687","post","type-post","status-publish","format-standard","has-post-thumbnail","hentry","category-construccion"],"_links":{"self":[{"href":"https:\/\/elmundodelosnegocios.com.do\/v1\/wp-json\/wp\/v2\/posts\/25687","targetHints":{"allow":["GET"]}}],"collection":[{"href":"https:\/\/elmundodelosnegocios.com.do\/v1\/wp-json\/wp\/v2\/posts"}],"about":[{"href":"https:\/\/elmundodelosnegocios.com.do\/v1\/wp-json\/wp\/v2\/types\/post"}],"author":[{"embeddable":true,"href":"https:\/\/elmundodelosnegocios.com.do\/v1\/wp-json\/wp\/v2\/users\/2"}],"replies":[{"embeddable":true,"href":"https:\/\/elmundodelosnegocios.com.do\/v1\/wp-json\/wp\/v2\/comments?post=25687"}],"version-history":[{"count":0,"href":"https:\/\/elmundodelosnegocios.com.do\/v1\/wp-json\/wp\/v2\/posts\/25687\/revisions"}],"wp:featuredmedia":[{"embeddable":true,"href":"https:\/\/elmundodelosnegocios.com.do\/v1\/wp-json\/wp\/v2\/media\/25688"}],"wp:attachment":[{"href":"https:\/\/elmundodelosnegocios.com.do\/v1\/wp-json\/wp\/v2\/media?parent=25687"}],"wp:term":[{"taxonomy":"category","embeddable":true,"href":"https:\/\/elmundodelosnegocios.com.do\/v1\/wp-json\/wp\/v2\/categories?post=25687"},{"taxonomy":"post_tag","embeddable":true,"href":"https:\/\/elmundodelosnegocios.com.do\/v1\/wp-json\/wp\/v2\/tags?post=25687"}],"curies":[{"name":"wp","href":"https:\/\/api.w.org\/{rel}","templated":true}]}}