{"id":25690,"date":"2023-01-24T13:18:21","date_gmt":"2023-01-24T17:48:21","guid":{"rendered":"https:\/\/elmundodelosnegocios.com.do\/v1\/?p=25690"},"modified":"2023-01-24T13:18:24","modified_gmt":"2023-01-24T17:48:24","slug":"ministerio-de-energia-y-minas-presenta-detalles-anteproyecto-de-reforma-de-la-ley-minera","status":"publish","type":"post","link":"https:\/\/elmundodelosnegocios.com.do\/v1\/ministerio-de-energia-y-minas-presenta-detalles-anteproyecto-de-reforma-de-la-ley-minera\/","title":{"rendered":"Ministerio de Energ\u00eda y Minas presenta detalles anteproyecto de reforma de la Ley Minera"},"content":{"rendered":"\n<p>Santo Domingo.-&nbsp;<strong>El Ministerio de Energ\u00eda y Minas (MEM)<\/strong>&nbsp;dio a conocer hoy nuevos detalles acerca del&nbsp;<strong>anteproyecto de reforma de la Ley Minera<\/strong>, que pondr\u00e1 a disposici\u00f3n de la naci\u00f3n un eficaz marco legal para el ejercicio de una&nbsp;<strong>miner\u00eda responsable y que respete el medio ambiente.<\/strong><\/p>\n\n\n\n<p>El anteproyecto de reforma de la Ley Minera se inscribe dentro del proceso de&nbsp;<strong>transformaci\u00f3n y cambio que lleva a cabo el gobierno del Presidente Luis Abinader<\/strong>&nbsp;para hacer de la Rep\u00fablica Dominicana un pa\u00eds de mayor desarrollo y progreso econ\u00f3mico.<\/p>\n\n\n\n<p><strong>La pieza legal procura actualizar la Ley 146-71<\/strong>, vigente desde hace m\u00e1s de 50 a\u00f1os, convirti\u00e9ndola no solo en un texto ajustado a los nuevos tiempos, sino en un&nbsp;<strong>referente de buenas pr\u00e1cticas de gesti\u00f3n de la industria extractiva.<\/strong><\/p>\n\n\n\n<p>El anteproyecto est\u00e1 siendo revisado por la&nbsp;<strong>Consultor\u00eda Jur\u00eddica del Poder Ejecutivo<\/strong>&nbsp;y entre sus principales aportes se incluyen: la&nbsp;<strong>actualizaci\u00f3n de los aspectos t\u00e9cnicos<\/strong>, tomando en cuenta los avances tecnol\u00f3gicos que se han producido en el mundo; la revisi\u00f3n y fortalecimiento del&nbsp;<strong>proceso de concesiones<\/strong>&nbsp;y la incorporaci\u00f3n de mejoras en los&nbsp;<strong>procedimientos que regulan el sector de la miner\u00eda.<\/strong><\/p>\n\n\n\n<p>Tambi\u00e9n contempla la inclusi\u00f3n del ciclo de desarrollo de recursos minerales contemplando el requerimiento del&nbsp;<strong>dise\u00f1o para el cierre de mina<\/strong>, un elemento fundamental de la&nbsp;<strong>miner\u00eda responsable<\/strong>.<\/p>\n\n\n\n<p>La propuesta establece, adem\u00e1s, un marco fiscal para lograr una&nbsp;<strong>renta m\u00e1s competitiva<\/strong>, tanto para la industria como para el Estado y el desarrollo de un&nbsp;<strong>Sistema Nacional de Gesti\u00f3n de los Impuestos a la Extracci\u00f3n de Recursos No Renovables,<\/strong>&nbsp;a fin de apoyar proyectos de desarrollo sostenible que beneficien a las&nbsp;<strong>comunidades impactadas por la actividad minera.<\/strong><\/p>\n\n\n\n<p>El Ministerio de Energ\u00eda y Minas explic\u00f3 que el documento sigui\u00f3 una l\u00ednea de amplias y largas consultas&nbsp;<strong>con diversos sectores a ser regulados y con la sociedad en general.<\/strong><\/p>\n","protected":false},"excerpt":{"rendered":"<p>Santo Domingo.-&nbsp;El Ministerio de Energ\u00eda y Minas (MEM)&nbsp;dio a conocer hoy nuevos detalles acerca del&nbsp;anteproyecto de reforma de la Ley Minera, que pondr\u00e1 a disposici\u00f3n de la naci\u00f3n un eficaz&hellip; <\/p>\n","protected":false},"author":2,"featured_media":25691,"comment_status":"closed","ping_status":"closed","sticky":false,"template":"","format":"standard","meta":{"fifu_image_url":"","fifu_image_alt":"","footnotes":""},"categories":[160],"tags":[],"class_list":["post-25690","post","type-post","status-publish","format-standard","has-post-thumbnail","hentry","category-mineria"],"_links":{"self":[{"href":"https:\/\/elmundodelosnegocios.com.do\/v1\/wp-json\/wp\/v2\/posts\/25690","targetHints":{"allow":["GET"]}}],"collection":[{"href":"https:\/\/elmundodelosnegocios.com.do\/v1\/wp-json\/wp\/v2\/posts"}],"about":[{"href":"https:\/\/elmundodelosnegocios.com.do\/v1\/wp-json\/wp\/v2\/types\/post"}],"author":[{"embeddable":true,"href":"https:\/\/elmundodelosnegocios.com.do\/v1\/wp-json\/wp\/v2\/users\/2"}],"replies":[{"embeddable":true,"href":"https:\/\/elmundodelosnegocios.com.do\/v1\/wp-json\/wp\/v2\/comments?post=25690"}],"version-history":[{"count":0,"href":"https:\/\/elmundodelosnegocios.com.do\/v1\/wp-json\/wp\/v2\/posts\/25690\/revisions"}],"wp:featuredmedia":[{"embeddable":true,"href":"https:\/\/elmundodelosnegocios.com.do\/v1\/wp-json\/wp\/v2\/media\/25691"}],"wp:attachment":[{"href":"https:\/\/elmundodelosnegocios.com.do\/v1\/wp-json\/wp\/v2\/media?parent=25690"}],"wp:term":[{"taxonomy":"category","embeddable":true,"href":"https:\/\/elmundodelosnegocios.com.do\/v1\/wp-json\/wp\/v2\/categories?post=25690"},{"taxonomy":"post_tag","embeddable":true,"href":"https:\/\/elmundodelosnegocios.com.do\/v1\/wp-json\/wp\/v2\/tags?post=25690"}],"curies":[{"name":"wp","href":"https:\/\/api.w.org\/{rel}","templated":true}]}}