{"id":25707,"date":"2023-01-25T22:10:29","date_gmt":"2023-01-26T02:40:29","guid":{"rendered":"https:\/\/elmundodelosnegocios.com.do\/v1\/?p=25707"},"modified":"2023-01-25T22:10:30","modified_gmt":"2023-01-26T02:40:30","slug":"abordaran-en-clace-tendencias-financieras-e-innovaciones-sector-exportador","status":"publish","type":"post","link":"https:\/\/elmundodelosnegocios.com.do\/v1\/abordaran-en-clace-tendencias-financieras-e-innovaciones-sector-exportador\/","title":{"rendered":"Abordar\u00e1n en CLACE tendencias financieras e innovaciones sector exportador"},"content":{"rendered":"\n<p><strong>Santo Domingo<\/strong>, R. D. Enero 25, 2023.<strong>&#8211;<\/strong>&nbsp;En consonancia con el inter\u00e9s que ha demostrado hist\u00f3ricamente la banca m\u00faltiple en el fomento a los sectores exportadores de la Rep\u00fablica Dominicana, la Asociaci\u00f3n de Bancos M\u00faltiples de la Rep\u00fablica Dominicana realizar\u00e1 el&nbsp;<strong>Congreso Latinoamericano de Comercio Exterior (CLACE)<\/strong>&nbsp;junto a la Federaci\u00f3n Latinoamericana de Bancos (FELAB\u00c1N).<\/p>\n\n\n\n<figure class=\"wp-block-gallery has-nested-images columns-default is-cropped wp-block-gallery-1 is-layout-flex wp-block-gallery-is-layout-flex\">\n<figure class=\"wp-block-image size-large\"><a href=\"https:\/\/elmundodelosnegocios.com.do\/v1\/wp-content\/uploads\/2023\/01\/Foto-CLACE.png\"><img loading=\"lazy\" decoding=\"async\" width=\"1000\" height=\"750\" data-id=\"25709\" src=\"https:\/\/elmundodelosnegocios.com.do\/v1\/wp-content\/uploads\/2023\/01\/Foto-CLACE.png\" alt=\"\" class=\"wp-image-25709\" srcset=\"https:\/\/elmundodelosnegocios.com.do\/v1\/wp-content\/uploads\/2023\/01\/Foto-CLACE.png 1000w, https:\/\/elmundodelosnegocios.com.do\/v1\/wp-content\/uploads\/2023\/01\/Foto-CLACE-300x225.png 300w, https:\/\/elmundodelosnegocios.com.do\/v1\/wp-content\/uploads\/2023\/01\/Foto-CLACE-768x576.png 768w\" sizes=\"auto, (max-width: 1000px) 100vw, 1000px\" \/><\/a><\/figure>\n\n\n\n<figure class=\"wp-block-image size-large\"><a href=\"https:\/\/elmundodelosnegocios.com.do\/v1\/wp-content\/uploads\/2023\/01\/Imagen-ilustrativa.png\"><img loading=\"lazy\" decoding=\"async\" width=\"1000\" height=\"562\" data-id=\"25708\" src=\"https:\/\/elmundodelosnegocios.com.do\/v1\/wp-content\/uploads\/2023\/01\/Imagen-ilustrativa.png\" alt=\"\" class=\"wp-image-25708\" srcset=\"https:\/\/elmundodelosnegocios.com.do\/v1\/wp-content\/uploads\/2023\/01\/Imagen-ilustrativa.png 1000w, https:\/\/elmundodelosnegocios.com.do\/v1\/wp-content\/uploads\/2023\/01\/Imagen-ilustrativa-300x169.png 300w, https:\/\/elmundodelosnegocios.com.do\/v1\/wp-content\/uploads\/2023\/01\/Imagen-ilustrativa-768x432.png 768w\" sizes=\"auto, (max-width: 1000px) 100vw, 1000px\" \/><\/a><\/figure>\n<\/figure>\n\n\n\n<p>En un documento de prensa, la ABA inform\u00f3 que el evento se celebrar\u00e1 por primera vez en Rep\u00fablica Dominicana del 31 de enero al 01 de febrero en el Hotel Jaragua. Aglutinar\u00e1 a autoridades, ejecutivos bancarios de la regi\u00f3n y expertos de diversas \u00e1reas que compartir\u00e1n sus visiones y experiencias sobre comercio exterior, comercio en l\u00ednea, PYMES, desarrollo de la tecnolog\u00eda y su impacto en el dinamismo de comercio exterior de hoy d\u00eda, entre otros temas que son tendencia en el \u00e1rea, precis\u00f3 el gremio.<\/p>\n\n\n\n<p>Detall\u00f3 que la tem\u00e1tica del&nbsp;<a href=\"https:\/\/clabclace2022.com.do\/clace\/\" target=\"_blank\" rel=\"noreferrer noopener\">CLACE<\/a>&nbsp;versar\u00e1 sobre \u201cServicios financieros&nbsp;impulsando el comercio exterior&nbsp;en la era digital\u201d, enunciado que define de manera clara el escenario del comercio exterior y los servicios financieros, cada vez m\u00e1s colaborativos e ineludiblemente enfrent\u00e1ndose a los desaf\u00edos de la era digital.<\/p>\n\n\n\n<p>El gremio resalt\u00f3 la relevancia del sector, al destacar que, en los \u00faltimos cinco a\u00f1os, la cartera de cr\u00e9ditos de los bancos m\u00faltiples dirigida al sector exportador aument\u00f3 RD$20 mil millones, un 32% en t\u00e9rminos relativos, inform\u00f3 la Asociaci\u00f3n de Bancos M\u00faltiples de la Rep\u00fablica Dominicana (ABA).<\/p>\n\n\n\n<p>La ABA precis\u00f3 que la cartera de financiamiento a esos sectores ha crecido en el \u00faltimo lustro a un ritmo anual promedio de 7.0%, pasando de RD$63,493.00 millones en 2017 a RD$83,888 millones en 2022, acorde a estad\u00edsticas de la Superintendencia de Bancos. Detall\u00f3 que entre estos sectores figuran clientes corporativos, zonas francas, as\u00ed como medianos y peque\u00f1os exportadores.<\/p>\n\n\n\n<p>Acorde a esta realidad, el gremio acot\u00f3 que el&nbsp;<a href=\"https:\/\/clabclace2022.com.do\/clace\/\" target=\"_blank\" rel=\"noreferrer noopener\">CLACE<\/a>&nbsp;contribuir\u00e1 de manera directa a la visi\u00f3n estrat\u00e9gica de los sectores productivos que exportan bienes y servicios; por ende, a continuar el desarrollo sostenido de la econom\u00eda y tambi\u00e9n al posicionamiento del pa\u00eds, de cara con miras a convertirse en un hub regional en materia aduanera.<\/p>\n\n\n\n<p>Para acceder a m\u00e1s informaci\u00f3n, la ABA puso a disposici\u00f3n la p\u00e1gina&nbsp;<a href=\"https:\/\/abaorgdo-my.sharepoint.com\/personal\/sflete_aba_org_do\/Documents\/Documents\/NOTAS%20DE%20PRENSA%202023\/3.%20CLACE\/www.clabclace.com.do%20\" target=\"_blank\" rel=\"noreferrer noopener\">www.clabclace.com.do<\/a>, donde est\u00e1 disponible la agenda y otros detalles del CLACE.<\/p>\n","protected":false},"excerpt":{"rendered":"<p>Santo Domingo, R. D. Enero 25, 2023.&#8211;&nbsp;En consonancia con el inter\u00e9s que ha demostrado hist\u00f3ricamente la banca m\u00faltiple en el fomento a los sectores exportadores de la Rep\u00fablica Dominicana, la&hellip; <\/p>\n","protected":false},"author":2,"featured_media":25709,"comment_status":"closed","ping_status":"closed","sticky":false,"template":"","format":"standard","meta":{"fifu_image_url":"","fifu_image_alt":"","footnotes":""},"categories":[167],"tags":[],"class_list":["post-25707","post","type-post","status-publish","format-standard","has-post-thumbnail","hentry","category-transporte"],"_links":{"self":[{"href":"https:\/\/elmundodelosnegocios.com.do\/v1\/wp-json\/wp\/v2\/posts\/25707","targetHints":{"allow":["GET"]}}],"collection":[{"href":"https:\/\/elmundodelosnegocios.com.do\/v1\/wp-json\/wp\/v2\/posts"}],"about":[{"href":"https:\/\/elmundodelosnegocios.com.do\/v1\/wp-json\/wp\/v2\/types\/post"}],"author":[{"embeddable":true,"href":"https:\/\/elmundodelosnegocios.com.do\/v1\/wp-json\/wp\/v2\/users\/2"}],"replies":[{"embeddable":true,"href":"https:\/\/elmundodelosnegocios.com.do\/v1\/wp-json\/wp\/v2\/comments?post=25707"}],"version-history":[{"count":0,"href":"https:\/\/elmundodelosnegocios.com.do\/v1\/wp-json\/wp\/v2\/posts\/25707\/revisions"}],"wp:featuredmedia":[{"embeddable":true,"href":"https:\/\/elmundodelosnegocios.com.do\/v1\/wp-json\/wp\/v2\/media\/25709"}],"wp:attachment":[{"href":"https:\/\/elmundodelosnegocios.com.do\/v1\/wp-json\/wp\/v2\/media?parent=25707"}],"wp:term":[{"taxonomy":"category","embeddable":true,"href":"https:\/\/elmundodelosnegocios.com.do\/v1\/wp-json\/wp\/v2\/categories?post=25707"},{"taxonomy":"post_tag","embeddable":true,"href":"https:\/\/elmundodelosnegocios.com.do\/v1\/wp-json\/wp\/v2\/tags?post=25707"}],"curies":[{"name":"wp","href":"https:\/\/api.w.org\/{rel}","templated":true}]}}