{"id":25875,"date":"2023-02-05T17:32:13","date_gmt":"2023-02-05T22:02:13","guid":{"rendered":"https:\/\/elmundodelosnegocios.com.do\/v1\/?p=25875"},"modified":"2023-02-05T17:32:15","modified_gmt":"2023-02-05T22:02:15","slug":"aduana-celebro-dia-nacional-de-la-juventud-con-encuentro-de-egresados-depasantia","status":"publish","type":"post","link":"https:\/\/elmundodelosnegocios.com.do\/v1\/aduana-celebro-dia-nacional-de-la-juventud-con-encuentro-de-egresados-depasantia\/","title":{"rendered":"Aduana celebr\u00f3 \u201cDia Nacional de la Juventud\u201d con encuentro de egresados de\u201cPasantia\u201d"},"content":{"rendered":"\n<p><strong>La inclusi\u00f3n ha sido uno de los aspectos m\u00e1s relevantes del programa, donde personas con discapacidad se han desarrollado, dentro de la DGA y otras instituciones<\/strong><\/p>\n\n\n\n<p>La Direcci\u00f3n General de Aduanas (DGA), realiz\u00f3 el primer encuentro con 400 j\u00f3venes egresados del programa Pasant\u00eda DGA, el cual brinda oportunidades a estudiantes de t\u00e9rmino, de todo el pa\u00eds, para adquirir experiencia laboral y desarrollar sus aptitudes profesionales.<\/p>\n\n\n\n<figure class=\"wp-block-image\"><img decoding=\"async\" src=\"https:\/\/www.aduanas.gob.do\/media\/24931\/eduardo-sanz-lovaton-3.jpg?width=500&amp;height=333.59375\" alt=\"\"\/><\/figure>\n\n\n\n<p>Al conmemorarse el D\u00eda Nacional de la Juventud, Aduanas aprovech\u00f3 la oportunidad para dar \u201cseguimiento cara a cara a la semilla plantada\u201d en los participantes de las seis promociones de pasantes, manteniendo una relaci\u00f3n m\u00e1s all\u00e1 de la estad\u00eda en el programa, poniendo herramientas y pensamientos que lo ayuden en su desarrollo.<\/p>\n\n\n\n<p>Cada joven, que ha participado en la plataforma, ha sido impactado cambiando radicalmente su pensamiento profesional y convirtiendo su estancia para su inicio en el mundo laboral.<\/p>\n\n\n\n<p>El director general de Aduanas, Eduardo Sanz Lovat\u00f3n, expres\u00f3 que, el programa de Pasant\u00eda es uno de los que m\u00e1s le llena de satisfacci\u00f3n, puesto que, con esta iniciativa, \u201cse cambia la vida de muchos j\u00f3venes, que son los que est\u00e1n llamados a prepararse, leer, entrenar su mente y a emprender, a su vez, les exhort\u00f3 a seguir abri\u00e9ndose camino, puesto que este es un pa\u00eds con muchas oportunidades\u201d.<\/p>\n\n\n\n<figure class=\"wp-block-image\"><img decoding=\"async\" src=\"https:\/\/www.aduanas.gob.do\/media\/24930\/sanz-lovaton-en-compa%C3%B1ia-de-un-grupo-de-pasantes.jpg?width=500&amp;height=333.59375\" alt=\"\"\/><\/figure>\n\n\n\n<p>\u201cNo bajen la cabeza, no se rindan, la suerte no existe, se construye, emprendan el camino de una Rep\u00fablica Dominicana, tierra con una gran riqueza y con una ubicaci\u00f3n geogr\u00e1fica estrat\u00e9gica, que puede ser pr\u00f3spera, y por eso hemos apostado a ustedes\u201d.<\/p>\n\n\n\n<p>Aduanas es una instituci\u00f3n comprometida con la visi\u00f3n del Gobierno que encabeza, Luis Abinader, donde el apoyo a la juventud es un eje fundamental, raz\u00f3n por la cual naci\u00f3 hace dos a\u00f1os \u201cPasant\u00eda DGA\u201d, herramienta que incentiva la formaci\u00f3n de las futuras generaciones del pa\u00eds, quienes har\u00e1n de nuestra naci\u00f3n un mejor lugar.<\/p>\n\n\n\n<p>Laura Gil, anterior coordinadora del programa \u201cPasant\u00eda DGA\u201d, expres\u00f3 el reto que supuso crear, desde cero, el espacio que se ha convertido en uno de los buques insignias de la entidad, \u201cpues ten\u00eda que ser un programa distinto, incluyente, que adem\u00e1s cumpliera con las expectativas de los pasantes y de la instituci\u00f3n\u201d.<\/p>\n\n\n\n<p>Gil exhort\u00f3 a los noveles a que nunca se les olvide el compromiso que tienen con la sociedad y el pa\u00eds: \u201custedes son y ser\u00e1n lo que decidan ser. Para dejar un legado tienen que trabajar, porque hay un pa\u00eds que cuenta con ustedes\u201d.<\/p>\n\n\n\n<p>\u201cPromoci\u00f3n tras promoci\u00f3n, ustedes han generado un impacto positivo en la instituci\u00f3n, raz\u00f3n por la cual, los distintos departamentos solicitan perfiles de los pasantes, puesto que, con sus ideas innovadoras, han marcado un cambio en Aduanas\u201d, acot\u00f3 Laura Gil.<\/p>\n\n\n\n<p><strong>Panel con \u201cJoven a joven\u201d<\/strong><\/p>\n\n\n\n<p>En la actividad se llev\u00f3 a cabo en un hotel de la capital se desarroll\u00f3 el panel \u201cJoven a joven\u201d, moderado por Amada M\u00e9ndez, gerente de Recursos Humanos y Martelli Canaan, coordinadora del programa Pasant\u00eda, en donde los egresados Yankerly Reyes, Idaliza Rodr\u00edguez y Pedro Mota, contaron sus experiencias y c\u00f3mo impact\u00f3 sus vidas, en lo personal y laboral, esta oportunidad.<\/p>\n\n\n\n<p>Pedro Mota, pasante, al finalizar su promoci\u00f3n fue seleccionado pertenecer a la DGA, acot\u00f3 lo retador que fue el programa, y, sobre todo, \u201cles recuerdo lo que nos ense\u00f1aron, que no tener experiencia, no significa que no seamos capaces\u201d.<\/p>\n","protected":false},"excerpt":{"rendered":"<p>La inclusi\u00f3n ha sido uno de los aspectos m\u00e1s relevantes del programa, donde personas con discapacidad se han desarrollado, dentro de la DGA y otras instituciones La Direcci\u00f3n General de&hellip; <\/p>\n","protected":false},"author":2,"featured_media":25876,"comment_status":"closed","ping_status":"closed","sticky":false,"template":"","format":"standard","meta":{"fifu_image_url":"","fifu_image_alt":"","footnotes":""},"categories":[178],"tags":[],"class_list":["post-25875","post","type-post","status-publish","format-standard","has-post-thumbnail","hentry","category-aduana"],"_links":{"self":[{"href":"https:\/\/elmundodelosnegocios.com.do\/v1\/wp-json\/wp\/v2\/posts\/25875","targetHints":{"allow":["GET"]}}],"collection":[{"href":"https:\/\/elmundodelosnegocios.com.do\/v1\/wp-json\/wp\/v2\/posts"}],"about":[{"href":"https:\/\/elmundodelosnegocios.com.do\/v1\/wp-json\/wp\/v2\/types\/post"}],"author":[{"embeddable":true,"href":"https:\/\/elmundodelosnegocios.com.do\/v1\/wp-json\/wp\/v2\/users\/2"}],"replies":[{"embeddable":true,"href":"https:\/\/elmundodelosnegocios.com.do\/v1\/wp-json\/wp\/v2\/comments?post=25875"}],"version-history":[{"count":0,"href":"https:\/\/elmundodelosnegocios.com.do\/v1\/wp-json\/wp\/v2\/posts\/25875\/revisions"}],"wp:featuredmedia":[{"embeddable":true,"href":"https:\/\/elmundodelosnegocios.com.do\/v1\/wp-json\/wp\/v2\/media\/25876"}],"wp:attachment":[{"href":"https:\/\/elmundodelosnegocios.com.do\/v1\/wp-json\/wp\/v2\/media?parent=25875"}],"wp:term":[{"taxonomy":"category","embeddable":true,"href":"https:\/\/elmundodelosnegocios.com.do\/v1\/wp-json\/wp\/v2\/categories?post=25875"},{"taxonomy":"post_tag","embeddable":true,"href":"https:\/\/elmundodelosnegocios.com.do\/v1\/wp-json\/wp\/v2\/tags?post=25875"}],"curies":[{"name":"wp","href":"https:\/\/api.w.org\/{rel}","templated":true}]}}