{"id":25878,"date":"2023-02-05T17:34:16","date_gmt":"2023-02-05T22:04:16","guid":{"rendered":"https:\/\/elmundodelosnegocios.com.do\/v1\/?p=25878"},"modified":"2023-02-05T17:34:18","modified_gmt":"2023-02-05T22:04:18","slug":"republica-dominicana-firma-historico-acuerdo-de-transporte-aereo-con-canada","status":"publish","type":"post","link":"https:\/\/elmundodelosnegocios.com.do\/v1\/republica-dominicana-firma-historico-acuerdo-de-transporte-aereo-con-canada\/","title":{"rendered":"Rep\u00fablica Dominicana firma hist\u00f3rico acuerdo de transporte a\u00e9reo con Canad\u00e1"},"content":{"rendered":"\n<p><strong>Santo Domingo.<\/strong>&nbsp;\u2013 Gobierno dominicano firm\u00f3 este jueves el&nbsp;nuevo acuerdo de transporte a\u00e9reo con Canad\u00e1,&nbsp;que permitir\u00e1 ampliar las operaciones entre ambos Estados, con el objetivo de incrementar&nbsp;el turismo, el comercio y la conectividad.&nbsp;<\/p>\n\n\n\n<p>A partir de la firma de este acuerdo, las aerol\u00edneas podr\u00e1n operar m\u00e1s all\u00e1 de las frecuencias actuales establecidas, lo cual permite&nbsp;aumentar los vuelos y diversificar los destinos entre los dos territorios.<\/p>\n\n\n\n<p>Adem\u00e1s, permitir\u00e1 la&nbsp;m\u00faltiple designaci\u00f3n de aerol\u00edneas&nbsp;con el fin de explotar los servicios convenidos seg\u00fan el Cuadro de Rutas, as\u00ed como sustituirlas por otra aerol\u00ednea previamente designada. En cuanto a la capacidad, las aerol\u00edneas designadas disfrutar\u00e1n de una&nbsp;igualdad de oportunidades justa y equitativa para suministrar los servicios acordados.<\/p>\n\n\n\n<p>El convenio tambi\u00e9n establece que las frecuencias y la capacidad de los servicios acordados se determina seg\u00fan las consideraciones comerciales del mercado e incluye adem\u00e1s la ventaja de otorgarse mutuamente&nbsp;derechos de tr\u00e1fico hasta la Sexta Libertad del Aire&nbsp;para vuelos de pasajeros, carga y combinados.<\/p>\n\n\n\n<p>Contempla disposiciones sobre servicios de asistencia en tierra, disposiciones sobre vuelos ch\u00e1rter o no regulares y disposiciones sobre operaciones en c\u00f3digo compartido.<\/p>\n\n\n\n<p>La firma supone&nbsp;nuevas oportunidades para consumidores, aerol\u00edneas y aeropuertos de ambos pa\u00edses, ya que podr\u00e1n operar vuelos directos y conexiones desde cualquier aeropuerto de la Rep\u00fablica Dominicana y Canad\u00e1.<\/p>\n\n\n\n<p>De su lado,&nbsp;el titular de la Junta de Aviaci\u00f3n Civil (JAC), Jos\u00e9 Marte Piantini,&nbsp;destac\u00f3 los esfuerzos del&nbsp;Presidente Luis Abinader&nbsp;en crear&nbsp;m\u00e1s oportunidades&nbsp;para los operadores nacionales de transporte a\u00e9reo.<\/p>\n\n\n\n<p>\u201cEste acuerdo mejorar\u00e1 la conectividad directa entre los dos Estados y dinamizar\u00e1 el transporte a\u00e9reo como herramienta de promoci\u00f3n del turismo y el comercio, vital para el desarrollo econ\u00f3mico del pa\u00eds\u201d,&nbsp;enfatiz\u00f3.<\/p>\n\n\n\n<p>La embajadora de Canad\u00e1 en el pa\u00eds, Christine Laberge,&nbsp;consider\u00f3 que este acuerdo contribuir\u00e1 a unas&nbsp;excelentes relaciones bilaterales y comerciales&nbsp;entre la Rep\u00fablica Dominicana y Canad\u00e1.<\/p>\n\n\n\n<p>\u201cSer\u00e1n unas relaciones que traer\u00e1n grandes beneficios econ\u00f3micos no solo en turismo sino en \u00e1reas como la miner\u00eda, servicios financieros, energ\u00eda y manufactura para los dominicanos\u201d, sostuvo la embajadora.<\/p>\n\n\n\n<p>La diplom\u00e1tica inform\u00f3 que desde Canad\u00e1 llegaron en el 2022 aproximadamente&nbsp;715,000 canadienses&nbsp;al pa\u00eds para disfrutar de sus playas, el buen clima y el calor de su gente.<\/p>\n\n\n\n<p>\u201cNos llena de orgullo poder contribuir con el sector tur\u00edstico de Rep\u00fablica Dominicana y, por tanto, al bienestar econ\u00f3mico de todos los dominicanos\u201d.&nbsp;<\/p>\n\n\n\n<p>El ministro de Turismo, David Collado,&nbsp;asegur\u00f3 que la visi\u00f3n del Presidente Luis Abinader es mejorar la conectividad a\u00e9rea y&nbsp;felicit\u00f3 la firma de este acuerdo trascendental, afirmando que este fortalecer\u00e1 la relaci\u00f3n del turismo con Canad\u00e1.&nbsp;&nbsp;<\/p>\n\n\n\n<p>Canad\u00e1 es el&nbsp;segundo pa\u00eds&nbsp;m\u00e1s importante en cuanto a bienes exportados por Rep\u00fablica Dominicana. El a\u00f1o pasado,&nbsp;9.2 millones de kilogramos de carga fueron exportados v\u00eda a\u00e9rea a Canad\u00e1, valorados en USD 37.2 millones; el 94 % del peso total fue en vegetales, con 8.6 millones de kilogramos.&nbsp;<\/p>\n\n\n\n<p>Este acuerdo fue logrado luego de negociaciones y acuerdos t\u00e9cnicos llevados a cabo&nbsp;a trav\u00e9s de la JAC&nbsp;a partir 18 de febrero del 2021, cuando el presidente Abinader otorg\u00f3&nbsp;plenos poderes&nbsp;al presidente de la&nbsp;Junta de Aviaci\u00f3n Civil&nbsp;de la Rep\u00fablica Dominicana, para que, en nombre y representaci\u00f3n del Estado dominicano, suscribiera el&nbsp;Acuerdo de Servicios A\u00e9reos&nbsp;entre ambos pa\u00edses.&nbsp;<\/p>\n\n\n\n<p>Estuvieron presentes, el ministro de la Presidencia, Joel Santos, y el de Relaciones Exteriores, Roberto \u00c1lvarez, as\u00ed como representantes de aeropuertos y ejecutivos de l\u00edneas a\u00e9reas comerciales, entre otros.<\/p>\n","protected":false},"excerpt":{"rendered":"<p>Santo Domingo.&nbsp;\u2013 Gobierno dominicano firm\u00f3 este jueves el&nbsp;nuevo acuerdo de transporte a\u00e9reo con Canad\u00e1,&nbsp;que permitir\u00e1 ampliar las operaciones entre ambos Estados, con el objetivo de incrementar&nbsp;el turismo, el comercio y&hellip; <\/p>\n","protected":false},"author":2,"featured_media":25879,"comment_status":"closed","ping_status":"closed","sticky":false,"template":"","format":"standard","meta":{"fifu_image_url":"","fifu_image_alt":"","footnotes":""},"categories":[168],"tags":[],"class_list":["post-25878","post","type-post","status-publish","format-standard","has-post-thumbnail","hentry","category-transporte-aereo"],"_links":{"self":[{"href":"https:\/\/elmundodelosnegocios.com.do\/v1\/wp-json\/wp\/v2\/posts\/25878","targetHints":{"allow":["GET"]}}],"collection":[{"href":"https:\/\/elmundodelosnegocios.com.do\/v1\/wp-json\/wp\/v2\/posts"}],"about":[{"href":"https:\/\/elmundodelosnegocios.com.do\/v1\/wp-json\/wp\/v2\/types\/post"}],"author":[{"embeddable":true,"href":"https:\/\/elmundodelosnegocios.com.do\/v1\/wp-json\/wp\/v2\/users\/2"}],"replies":[{"embeddable":true,"href":"https:\/\/elmundodelosnegocios.com.do\/v1\/wp-json\/wp\/v2\/comments?post=25878"}],"version-history":[{"count":0,"href":"https:\/\/elmundodelosnegocios.com.do\/v1\/wp-json\/wp\/v2\/posts\/25878\/revisions"}],"wp:featuredmedia":[{"embeddable":true,"href":"https:\/\/elmundodelosnegocios.com.do\/v1\/wp-json\/wp\/v2\/media\/25879"}],"wp:attachment":[{"href":"https:\/\/elmundodelosnegocios.com.do\/v1\/wp-json\/wp\/v2\/media?parent=25878"}],"wp:term":[{"taxonomy":"category","embeddable":true,"href":"https:\/\/elmundodelosnegocios.com.do\/v1\/wp-json\/wp\/v2\/categories?post=25878"},{"taxonomy":"post_tag","embeddable":true,"href":"https:\/\/elmundodelosnegocios.com.do\/v1\/wp-json\/wp\/v2\/tags?post=25878"}],"curies":[{"name":"wp","href":"https:\/\/api.w.org\/{rel}","templated":true}]}}