{"id":26024,"date":"2023-02-13T08:22:55","date_gmt":"2023-02-13T12:52:55","guid":{"rendered":"https:\/\/elmundodelosnegocios.com.do\/v1\/?p=26024"},"modified":"2023-02-13T08:22:58","modified_gmt":"2023-02-13T12:52:58","slug":"doctor-baez-entrega-reconocimiento-congreso-eua-a-doctor-fauci","status":"publish","type":"post","link":"https:\/\/elmundodelosnegocios.com.do\/v1\/doctor-baez-entrega-reconocimiento-congreso-eua-a-doctor-fauci\/","title":{"rendered":"Doctor B\u00e1ez entrega reconocimiento Congreso EUA a doctor Fauci"},"content":{"rendered":"\n<p>El doctor Amado Alejandro B\u00e1ez egresado distinguido e investigador de la Universidad Nacional Pedro Henr\u00edquez Ure\u00f1a (UNPHU) y la licenciada Daisy B\u00e1ez, fueron seleccionados por el congresista de Nueva York, Adriano Espaillat para realizar la ceremonia de entrega de la declaraci\u00f3n oficial del Congreso de los Estados Unidos en reconocimiento al doctor Anthony Fauci por sus m\u00e1s de cinco d\u00e9cadas dedicadas al avance de la ciencia en la naci\u00f3n norteamericana.<\/p>\n\n\n\n<p>El Dr. B\u00e1ez fue seleccionado en su capacidad de m\u00e9dico y cient\u00edfico destacado de la di\u00e1spora dominicana en EEUU y para este reconocimiento a Fauci, B\u00e1ez lo complement\u00f3 con un regalo de una foto enmarcada de las ruinas del Hospital San Nicol\u00e1s de Bari primer hospital del \u00abNuevo Mundo\u00bb de la Ciudad Colonial dominicana, esta de autor\u00eda del Doctor Alejandro.<\/p>\n\n\n\n<p>La placa oficial del Congreso de EEUU describe como \u00abh\u00e9roe de la ciencia\u00bb al doctor Fauci en base a su trabajo ininterrumpido desde el 1968 en los Institutos Nacionales de Salud de EEUU. \u00abEl doctor Anthony Fauci es un h\u00e9roe estadounidense. Nuestra naci\u00f3n est\u00e1 eternamente agradecida por su servicio y dedicaci\u00f3n. Me siento honrado de entregarle un reconocimiento especial y honrarlo hoy\u00bb comenta el Congresista Espaillat, expres\u00f3 B\u00e1ez.<\/p>\n\n\n\n<p>Con un sal\u00f3n lleno de miles de dominicanos de la di\u00e1spora en Estados Unidos, as\u00ed como representantes del congreso de Rep\u00fablica Dominicana y Ministerio de Relaciones Exteriores (MIREX). Este importante evento de reconocimiento al Doctor Fauci tuvo lugar en el Auditorium Central del Congreso de EEUU en Washington DC el d\u00eda 8 de febrero, como parte de las celebraciones del d\u00eda de dominicanos en el Capitolio.<\/p>\n","protected":false},"excerpt":{"rendered":"<p>El doctor Amado Alejandro B\u00e1ez egresado distinguido e investigador de la Universidad Nacional Pedro Henr\u00edquez Ure\u00f1a (UNPHU) y la licenciada Daisy B\u00e1ez, fueron seleccionados por el congresista de Nueva York,&hellip; <\/p>\n","protected":false},"author":2,"featured_media":26025,"comment_status":"closed","ping_status":"closed","sticky":false,"template":"","format":"standard","meta":{"fifu_image_url":"","fifu_image_alt":"","footnotes":""},"categories":[80],"tags":[],"class_list":["post-26024","post","type-post","status-publish","format-standard","has-post-thumbnail","hentry","category-salud"],"_links":{"self":[{"href":"https:\/\/elmundodelosnegocios.com.do\/v1\/wp-json\/wp\/v2\/posts\/26024","targetHints":{"allow":["GET"]}}],"collection":[{"href":"https:\/\/elmundodelosnegocios.com.do\/v1\/wp-json\/wp\/v2\/posts"}],"about":[{"href":"https:\/\/elmundodelosnegocios.com.do\/v1\/wp-json\/wp\/v2\/types\/post"}],"author":[{"embeddable":true,"href":"https:\/\/elmundodelosnegocios.com.do\/v1\/wp-json\/wp\/v2\/users\/2"}],"replies":[{"embeddable":true,"href":"https:\/\/elmundodelosnegocios.com.do\/v1\/wp-json\/wp\/v2\/comments?post=26024"}],"version-history":[{"count":0,"href":"https:\/\/elmundodelosnegocios.com.do\/v1\/wp-json\/wp\/v2\/posts\/26024\/revisions"}],"wp:featuredmedia":[{"embeddable":true,"href":"https:\/\/elmundodelosnegocios.com.do\/v1\/wp-json\/wp\/v2\/media\/26025"}],"wp:attachment":[{"href":"https:\/\/elmundodelosnegocios.com.do\/v1\/wp-json\/wp\/v2\/media?parent=26024"}],"wp:term":[{"taxonomy":"category","embeddable":true,"href":"https:\/\/elmundodelosnegocios.com.do\/v1\/wp-json\/wp\/v2\/categories?post=26024"},{"taxonomy":"post_tag","embeddable":true,"href":"https:\/\/elmundodelosnegocios.com.do\/v1\/wp-json\/wp\/v2\/tags?post=26024"}],"curies":[{"name":"wp","href":"https:\/\/api.w.org\/{rel}","templated":true}]}}