{"id":26058,"date":"2023-02-14T08:58:06","date_gmt":"2023-02-14T13:28:06","guid":{"rendered":"https:\/\/elmundodelosnegocios.com.do\/v1\/?p=26058"},"modified":"2023-02-14T08:58:09","modified_gmt":"2023-02-14T13:28:09","slug":"banco-popular-presenta-la-campana-institucional-a-ritmo-popular","status":"publish","type":"post","link":"https:\/\/elmundodelosnegocios.com.do\/v1\/banco-popular-presenta-la-campana-institucional-a-ritmo-popular\/","title":{"rendered":"Banco Popular presenta la campa\u00f1a institucional \u201cA ritmo Popular\u201d"},"content":{"rendered":"\n<h2 class=\"wp-block-heading\">Invita a los dominicanos a trabajar unidos para construir un mejor porveni\u200b\u200br<\/h2>\n\n\n\n<p><br>Santo Domingo, D.N.- El Banco Popular Dominicano present\u00f3 la campa\u00f1a institucional \u201cA ritmo Popular\u00bb, la cual despliega un reconocimiento al trabajo en equipo y a una sociedad que se une para lograr el objetivo com\u00fan de cumplir los sue\u00f1os personales y profesionales y, de este modo, hacer posible el avance continuo de toda la naci\u00f3n dominicana.<\/p>\n\n\n\n<p>El comercial institucional, que inicia en el mes patrio de febrero, invita a los dominicanos a seguir siendo un pueblo de firmes prop\u00f3sitos, gente que mira al futuro, acompa\u00f1ada por ese ritmo popular que nos motiva a levantarnos con las ganas de evolucionar y transformar nuestras vidas, afirmando que cada paso que damos juntos marca el ritmo para construir un mejor porvenir.<\/p>\n\n\n\n<figure class=\"wp-block-gallery has-nested-images columns-default is-cropped wp-block-gallery-1 is-layout-flex wp-block-gallery-is-layout-flex\">\n<figure class=\"wp-block-image size-medium\"><a href=\"https:\/\/elmundodelosnegocios.com.do\/v1\/wp-content\/uploads\/2023\/02\/2.jpg\"><img loading=\"lazy\" decoding=\"async\" width=\"300\" height=\"160\" data-id=\"26064\" src=\"https:\/\/elmundodelosnegocios.com.do\/v1\/wp-content\/uploads\/2023\/02\/2-300x160.jpg\" alt=\"\" class=\"wp-image-26064\" srcset=\"https:\/\/elmundodelosnegocios.com.do\/v1\/wp-content\/uploads\/2023\/02\/2-300x160.jpg 300w, https:\/\/elmundodelosnegocios.com.do\/v1\/wp-content\/uploads\/2023\/02\/2-768x409.jpg 768w, https:\/\/elmundodelosnegocios.com.do\/v1\/wp-content\/uploads\/2023\/02\/2.jpg 844w\" sizes=\"auto, (max-width: 300px) 100vw, 300px\" \/><\/a><\/figure>\n\n\n\n<figure class=\"wp-block-image size-medium\"><a href=\"https:\/\/elmundodelosnegocios.com.do\/v1\/wp-content\/uploads\/2023\/02\/3-1.jpg\"><img loading=\"lazy\" decoding=\"async\" width=\"300\" height=\"160\" data-id=\"26060\" src=\"https:\/\/elmundodelosnegocios.com.do\/v1\/wp-content\/uploads\/2023\/02\/3-1-300x160.jpg\" alt=\"\" class=\"wp-image-26060\" srcset=\"https:\/\/elmundodelosnegocios.com.do\/v1\/wp-content\/uploads\/2023\/02\/3-1-300x160.jpg 300w, https:\/\/elmundodelosnegocios.com.do\/v1\/wp-content\/uploads\/2023\/02\/3-1-768x409.jpg 768w, https:\/\/elmundodelosnegocios.com.do\/v1\/wp-content\/uploads\/2023\/02\/3-1.jpg 844w\" sizes=\"auto, (max-width: 300px) 100vw, 300px\" \/><\/a><\/figure>\n\n\n\n<figure class=\"wp-block-image size-medium\"><a href=\"https:\/\/elmundodelosnegocios.com.do\/v1\/wp-content\/uploads\/2023\/02\/5-1.jpg\"><img loading=\"lazy\" decoding=\"async\" width=\"300\" height=\"160\" data-id=\"26061\" src=\"https:\/\/elmundodelosnegocios.com.do\/v1\/wp-content\/uploads\/2023\/02\/5-1-300x160.jpg\" alt=\"\" class=\"wp-image-26061\" srcset=\"https:\/\/elmundodelosnegocios.com.do\/v1\/wp-content\/uploads\/2023\/02\/5-1-300x160.jpg 300w, https:\/\/elmundodelosnegocios.com.do\/v1\/wp-content\/uploads\/2023\/02\/5-1-768x409.jpg 768w, https:\/\/elmundodelosnegocios.com.do\/v1\/wp-content\/uploads\/2023\/02\/5-1.jpg 844w\" sizes=\"auto, (max-width: 300px) 100vw, 300px\" \/><\/a><\/figure>\n\n\n\n<figure class=\"wp-block-image size-medium\"><a href=\"https:\/\/elmundodelosnegocios.com.do\/v1\/wp-content\/uploads\/2023\/02\/6.jpg\"><img loading=\"lazy\" decoding=\"async\" width=\"300\" height=\"160\" data-id=\"26059\" src=\"https:\/\/elmundodelosnegocios.com.do\/v1\/wp-content\/uploads\/2023\/02\/6-300x160.jpg\" alt=\"\" class=\"wp-image-26059\" srcset=\"https:\/\/elmundodelosnegocios.com.do\/v1\/wp-content\/uploads\/2023\/02\/6-300x160.jpg 300w, https:\/\/elmundodelosnegocios.com.do\/v1\/wp-content\/uploads\/2023\/02\/6-768x409.jpg 768w, https:\/\/elmundodelosnegocios.com.do\/v1\/wp-content\/uploads\/2023\/02\/6.jpg 844w\" sizes=\"auto, (max-width: 300px) 100vw, 300px\" \/><\/a><\/figure>\n\n\n\n<figure class=\"wp-block-image size-medium\"><a href=\"https:\/\/elmundodelosnegocios.com.do\/v1\/wp-content\/uploads\/2023\/02\/7.jpg\"><img loading=\"lazy\" decoding=\"async\" width=\"300\" height=\"160\" data-id=\"26062\" src=\"https:\/\/elmundodelosnegocios.com.do\/v1\/wp-content\/uploads\/2023\/02\/7-300x160.jpg\" alt=\"\" class=\"wp-image-26062\" srcset=\"https:\/\/elmundodelosnegocios.com.do\/v1\/wp-content\/uploads\/2023\/02\/7-300x160.jpg 300w, https:\/\/elmundodelosnegocios.com.do\/v1\/wp-content\/uploads\/2023\/02\/7-768x409.jpg 768w, https:\/\/elmundodelosnegocios.com.do\/v1\/wp-content\/uploads\/2023\/02\/7.jpg 844w\" sizes=\"auto, (max-width: 300px) 100vw, 300px\" \/><\/a><\/figure>\n\n\n\n<figure class=\"wp-block-image size-medium\"><a href=\"https:\/\/elmundodelosnegocios.com.do\/v1\/wp-content\/uploads\/2023\/02\/8.jpg\"><img loading=\"lazy\" decoding=\"async\" width=\"300\" height=\"160\" data-id=\"26063\" src=\"https:\/\/elmundodelosnegocios.com.do\/v1\/wp-content\/uploads\/2023\/02\/8-300x160.jpg\" alt=\"\" class=\"wp-image-26063\" srcset=\"https:\/\/elmundodelosnegocios.com.do\/v1\/wp-content\/uploads\/2023\/02\/8-300x160.jpg 300w, https:\/\/elmundodelosnegocios.com.do\/v1\/wp-content\/uploads\/2023\/02\/8-768x409.jpg 768w, https:\/\/elmundodelosnegocios.com.do\/v1\/wp-content\/uploads\/2023\/02\/8.jpg 844w\" sizes=\"auto, (max-width: 300px) 100vw, 300px\" \/><\/a><\/figure>\n<\/figure>\n\n\n\n<p>Precisamente, ese ritmo de la campa\u00f1a recuerda a sonidos del folclor y transmite una gran energ\u00eda positiva. El aspecto visual traduce est\u00e9ticamente dicho ritmo en im\u00e1genes que imprimen el dinamismo propio de una sociedad vibrante y en movimiento, donde cada persona contribuye al prop\u00f3sito com\u00fan de crecer y progresar.<\/p>\n\n\n\n<p><strong>Marileidy Paulino y una sociedad que se transforma<\/strong><\/p>\n\n\n\n<p>As\u00ed, vemos a la medallista ol\u00edmpica y embajadora de la marca Popular, Marileidy Paulino, iniciar una jornada de entrenamiento con la mente puesta en la pr\u00f3xima meta deportiva a batir en beneficio de la proyecci\u00f3n mundial del pa\u00eds. A continuaci\u00f3n, se sucede una r\u00e1pida historia de m\u00faltiples escenas, donde diferentes personas en sus lugares de trabajo y de ocio celebran una visi\u00f3n compartida y se ayudan unos a otros para avanzar de la mano.<\/p>\n\n\n\n<p>\u201cA ritmo popular\u00bb habla de un pa\u00eds moderno, diverso e inclusivo, que celebra sus logros individuales y colectivos. Por esta raz\u00f3n, la narrativa visual incluye escenas que resaltan la colaboraci\u00f3n entre colegas, que fomentan el emprendimiento y la sostenibilidad, que apelan a la inclusi\u00f3n social de personas con discapacidad o rompen estereotipos sobre el rol de la mujer en la fuerza laboral.<\/p>\n\n\n\n<p><strong>Inspiraci\u00f3n para dar lo mejor<\/strong><\/p>\n\n\n\n<p>\u201cEl ritmo nos mueve a transformar nuestras vidas y en el Banco Popular, apoyados en un modelo de banca responsable, incentivamos a nuestros clientes a crecer profesional y personalmente, inspir\u00e1ndoles a dar lo mejor de s\u00ed con productos y servicios financieros de vanguardia. En nuestros 59 a\u00f1os de operaciones, son cientos de miles las personas, de diferentes generaciones, que han caminado a ritmo de \u00e9xito de nuestra mano\u00bb, expres\u00f3 el presidente ejecutivo del Popular, se\u00f1or Christopher Paniagua, al iniciar la campa\u00f1a.<\/p>\n\n\n\n<p>\u201cA ritmo popular\u00bb ha sido fruto del trabajo creativo y de direcci\u00f3n de la agencia de publicidad Cazar3 y la producci\u00f3n del comercial recay\u00f3 en la empresa audiovisual Kokaleka, acompa\u00f1ados por la Vicepresidencia Ejecutiva de Comunicaciones Corporativas, Reputaci\u00f3n y Banca Responsable del Popular.<\/p>\n\n\n\n<p>Adem\u00e1s del comercial de radio y televisi\u00f3n, la campa\u00f1a cuenta con presencia en medios impresos, diversidad de piezas digitales y despliegue en exteriores en las principales ciudades del pa\u00eds.<\/p>\n","protected":false},"excerpt":{"rendered":"<p>Invita a los dominicanos a trabajar unidos para construir un mejor porveni\u200b\u200br Santo Domingo, D.N.- El Banco Popular Dominicano present\u00f3 la campa\u00f1a institucional \u201cA ritmo Popular\u00bb, la cual despliega un&hellip; <\/p>\n","protected":false},"author":2,"featured_media":26064,"comment_status":"closed","ping_status":"closed","sticky":false,"template":"","format":"standard","meta":{"fifu_image_url":"","fifu_image_alt":"","footnotes":""},"categories":[157],"tags":[],"class_list":["post-26058","post","type-post","status-publish","format-standard","has-post-thumbnail","hentry","category-marketing"],"_links":{"self":[{"href":"https:\/\/elmundodelosnegocios.com.do\/v1\/wp-json\/wp\/v2\/posts\/26058","targetHints":{"allow":["GET"]}}],"collection":[{"href":"https:\/\/elmundodelosnegocios.com.do\/v1\/wp-json\/wp\/v2\/posts"}],"about":[{"href":"https:\/\/elmundodelosnegocios.com.do\/v1\/wp-json\/wp\/v2\/types\/post"}],"author":[{"embeddable":true,"href":"https:\/\/elmundodelosnegocios.com.do\/v1\/wp-json\/wp\/v2\/users\/2"}],"replies":[{"embeddable":true,"href":"https:\/\/elmundodelosnegocios.com.do\/v1\/wp-json\/wp\/v2\/comments?post=26058"}],"version-history":[{"count":0,"href":"https:\/\/elmundodelosnegocios.com.do\/v1\/wp-json\/wp\/v2\/posts\/26058\/revisions"}],"wp:featuredmedia":[{"embeddable":true,"href":"https:\/\/elmundodelosnegocios.com.do\/v1\/wp-json\/wp\/v2\/media\/26064"}],"wp:attachment":[{"href":"https:\/\/elmundodelosnegocios.com.do\/v1\/wp-json\/wp\/v2\/media?parent=26058"}],"wp:term":[{"taxonomy":"category","embeddable":true,"href":"https:\/\/elmundodelosnegocios.com.do\/v1\/wp-json\/wp\/v2\/categories?post=26058"},{"taxonomy":"post_tag","embeddable":true,"href":"https:\/\/elmundodelosnegocios.com.do\/v1\/wp-json\/wp\/v2\/tags?post=26058"}],"curies":[{"name":"wp","href":"https:\/\/api.w.org\/{rel}","templated":true}]}}