{"id":26121,"date":"2023-02-20T19:58:26","date_gmt":"2023-02-21T00:28:26","guid":{"rendered":"https:\/\/elmundodelosnegocios.com.do\/v1\/?p=26121"},"modified":"2023-02-20T19:58:28","modified_gmt":"2023-02-21T00:28:28","slug":"prodominicana-participara-en-primera-semana-dominicana-en-jamaica","status":"publish","type":"post","link":"https:\/\/elmundodelosnegocios.com.do\/v1\/prodominicana-participara-en-primera-semana-dominicana-en-jamaica\/","title":{"rendered":"ProDominicana participar\u00e1 en primera \u201cSemana Dominicana\u201d en Jamaica"},"content":{"rendered":"\n<p>Santo Domingo.- En el marco de la celebraci\u00f3n de la primera Semana Dominicana en Jamaica, que inici\u00f3 el 17 y se extender\u00e1 hasta el s\u00e1bado 25 de febrero, el Centro de Exportaci\u00f3n e Inversi\u00f3n de la Rep\u00fablica Dominicana (ProDominicana) realizar\u00e1 visitas concertadas con empresarios y entidades gubernamentales en Jamaica, en busca de incrementar las relaciones de negocio entre ambas naciones.<\/p>\n\n\n\n<p>La directora ejecutiva de ProDominicana, Biviana Riveiro Disla, explic\u00f3 que dentro del calendario de la misi\u00f3n participar\u00e1n en diversas plenarias, foros empresariales, reuniones de negocios y actividades culturales con el prop\u00f3sito de captar clientes potenciales para fines de negocios.<\/p>\n\n\n\n<p>Riveiro inform\u00f3 que el intercambio comercial entre Rep\u00fablica Dominicana y Jamaica para el per\u00edodo 2015-2022 fue de USD 595.4 millones, siendo el 97.7 % correspondiente a las exportaciones. Adem\u00e1s, agreg\u00f3 que los bienes exportados hacia Jamaica para el 2022 totalizaron en USD 100.2 millones, registrando un crecimiento de un 17 % en comparaci\u00f3n con el 2021.<\/p>\n\n\n\n<p>\u201cLa primera Semana Dominicana en Jamaica ser\u00e1 un espacio para la promoci\u00f3n de nuevos negocios, exportaciones e inversiones, exhibici\u00f3n de productos y empresas dominicanas, as\u00ed como para estrechar relaciones entre ambas naciones\u201d, acot\u00f3.<\/p>\n\n\n\n<p>Entre las reuniones se destaca la participaci\u00f3n en este primer foro empresarial entre Rep\u00fablica Dominicana y Jamaica, de la embajadora extraordinaria y plenipotenciaria de la Rep\u00fablica Dominicana en Jamaica, Angie Mart\u00ednez, y Metry Seaga, presidente de la PSOJ, organizaci\u00f3n del sector privado de Jamaica, entre otros ejecutivos de ambas naciones.<\/p>\n\n\n\n<p>Un importante panel en este encuentro, es el relativo a Comercio, Industria e Inversi\u00f3n: Estrategias para el crecimiento y la expansi\u00f3n de los negocios entre la Rep\u00fablica Dominicana y Jamaica, donde la directora ejecutiva de ProDominicana, Biviana Riveiro, tendr\u00e1 una disertaci\u00f3n especial sobre los atributos que posee el pa\u00eds para la inversi\u00f3n.<\/p>\n","protected":false},"excerpt":{"rendered":"<p>Santo Domingo.- En el marco de la celebraci\u00f3n de la primera Semana Dominicana en Jamaica, que inici\u00f3 el 17 y se extender\u00e1 hasta el s\u00e1bado 25 de febrero, el Centro&hellip; <\/p>\n","protected":false},"author":2,"featured_media":26122,"comment_status":"closed","ping_status":"closed","sticky":false,"template":"","format":"standard","meta":{"fifu_image_url":"","fifu_image_alt":"","footnotes":""},"categories":[74],"tags":[],"class_list":["post-26121","post","type-post","status-publish","format-standard","has-post-thumbnail","hentry","category-comercio-internacional"],"_links":{"self":[{"href":"https:\/\/elmundodelosnegocios.com.do\/v1\/wp-json\/wp\/v2\/posts\/26121","targetHints":{"allow":["GET"]}}],"collection":[{"href":"https:\/\/elmundodelosnegocios.com.do\/v1\/wp-json\/wp\/v2\/posts"}],"about":[{"href":"https:\/\/elmundodelosnegocios.com.do\/v1\/wp-json\/wp\/v2\/types\/post"}],"author":[{"embeddable":true,"href":"https:\/\/elmundodelosnegocios.com.do\/v1\/wp-json\/wp\/v2\/users\/2"}],"replies":[{"embeddable":true,"href":"https:\/\/elmundodelosnegocios.com.do\/v1\/wp-json\/wp\/v2\/comments?post=26121"}],"version-history":[{"count":0,"href":"https:\/\/elmundodelosnegocios.com.do\/v1\/wp-json\/wp\/v2\/posts\/26121\/revisions"}],"wp:featuredmedia":[{"embeddable":true,"href":"https:\/\/elmundodelosnegocios.com.do\/v1\/wp-json\/wp\/v2\/media\/26122"}],"wp:attachment":[{"href":"https:\/\/elmundodelosnegocios.com.do\/v1\/wp-json\/wp\/v2\/media?parent=26121"}],"wp:term":[{"taxonomy":"category","embeddable":true,"href":"https:\/\/elmundodelosnegocios.com.do\/v1\/wp-json\/wp\/v2\/categories?post=26121"},{"taxonomy":"post_tag","embeddable":true,"href":"https:\/\/elmundodelosnegocios.com.do\/v1\/wp-json\/wp\/v2\/tags?post=26121"}],"curies":[{"name":"wp","href":"https:\/\/api.w.org\/{rel}","templated":true}]}}