{"id":26124,"date":"2023-02-20T20:01:25","date_gmt":"2023-02-21T00:31:25","guid":{"rendered":"https:\/\/elmundodelosnegocios.com.do\/v1\/?p=26124"},"modified":"2023-02-20T20:01:27","modified_gmt":"2023-02-21T00:31:27","slug":"presidente-participa-en-inauguracion-de-la-tienda-supermix-con-inversion-de-rd-1200-millones","status":"publish","type":"post","link":"https:\/\/elmundodelosnegocios.com.do\/v1\/presidente-participa-en-inauguracion-de-la-tienda-supermix-con-inversion-de-rd-1200-millones\/","title":{"rendered":"Presidente participa en inauguraci\u00f3n de la tienda Supermix con inversi\u00f3n de RD 1,200 millones"},"content":{"rendered":"\n<p>Santo Domingo.- El Presidente Luis Abinader particip\u00f3 en el acto de&nbsp;<strong>inauguraci\u00f3n de la tienda Supermix<\/strong>&nbsp;perteneciente al Grupo Alterra, que abri\u00f3 las puertas de su nueva casa en la avenida Rep\u00fablica de Colombia de Arroyo Hondo III.<\/p>\n\n\n\n<p>En su discurso de apertura,&nbsp;<strong>el presidente ejecutivo del Grupo Alterra, Alberto Pappaterra<\/strong>, explic\u00f3 que la inversi\u00f3n total de este nuevo proyecto asciende a&nbsp;<strong>m\u00e1s de RD 1,200 millones de pesos<\/strong>&nbsp;y que se van a generar m\u00e1s de 200 empleos directos, al igual que un promedio de 600 empleos indirectos, lo que representa&nbsp;<strong>un paso m\u00e1s en el desarrollo econ\u00f3mico de las familias dominicanas.<\/strong><\/p>\n\n\n\n<p><em>\u00abEsta iniciativa empresarial no es m\u00e1s que un acto de fe, de fe en el pa\u00eds, en nuestras actuales autoridades, en nuestra madura democracia, en el desarrollo de las comunidades aleda\u00f1as, en el clima de confianza que disfrutamos y en la estabilidad social con que contamos actualmente en el pa\u00eds, el cual, esperamos en Dios, sea preservado en el tiempo, para beneficio de todos los dominicanos\u00bb<\/em>, resalt\u00f3 Papaterra.<\/p>\n\n\n\n<p>De su lado,&nbsp;<strong>el Ministro de Industria, Comercio y Mipymes, V\u00edctor \u201cIto\u201d Bison\u00f3,<\/strong>&nbsp;manifest\u00f3 su apoyo a quienes han cre\u00eddo en la Rep\u00fablica Dominicana a trav\u00e9s de sus inversiones, que se traducen en&nbsp;<strong>nuevas oportunidades para toda su gente.<\/strong><\/p>\n\n\n\n<p>Bison\u00f3 afirm\u00f3 que, sin duda, el crecimiento del sector va de la mano con los niveles de inversi\u00f3n que exhibe la construcci\u00f3n y record\u00f3 que a lo largo del a\u00f1o que reci\u00e9n termin\u00f3,&nbsp;<strong>el sector de la construcci\u00f3n<\/strong>&nbsp;a nivel nacional contribuy\u00f3 de manera positiva al&nbsp;<strong>buen desempe\u00f1o de la econom\u00eda dominicana con un crecimiento extraordinario.<\/strong><\/p>\n\n\n\n<p>Estuvieron presentes en las actividades la Ministra de la Mujer, Mayra Jim\u00e9nez; el senador de la provincia de Santo Domingo, Antonio Taveras; la gobernadora de la provincia Santo Domingo, Julia Drullard; el director del Consejo Nacional de Zonas Francas de Exportaci\u00f3n, Daniel Liranzo; el director general de Proindustria, Ulises Rodr\u00edguez; la embajadora de Canad\u00e1 en la Rep\u00fablica Dominicana, Christine Laberge; la directora ejecutiva de ProDominicana, Biviana Riveiro, y el alcalde de Santo Domingo Este, Manuel Jim\u00e9nez.<\/p>\n\n\n\n<p>Tambi\u00e9n, los viceministros de Deportes, Franklyn de la Mota y Kennedy Vargas; el director del Consejo de Gesti\u00f3n Presidencial, Dio Astacio; el director de Embellecimiento, Marcos de Le\u00f3n; la vicepresidenta del Grupo Alterra, Ruth Almonte de Papaterra, y el reverendo Padre Joaqu\u00edn Dom\u00ednguez.<\/p>\n","protected":false},"excerpt":{"rendered":"<p>Santo Domingo.- El Presidente Luis Abinader particip\u00f3 en el acto de&nbsp;inauguraci\u00f3n de la tienda Supermix&nbsp;perteneciente al Grupo Alterra, que abri\u00f3 las puertas de su nueva casa en la avenida Rep\u00fablica&hellip; <\/p>\n","protected":false},"author":2,"featured_media":26125,"comment_status":"closed","ping_status":"closed","sticky":false,"template":"","format":"standard","meta":{"fifu_image_url":"","fifu_image_alt":"","footnotes":""},"categories":[147],"tags":[],"class_list":["post-26124","post","type-post","status-publish","format-standard","has-post-thumbnail","hentry","category-comercio"],"_links":{"self":[{"href":"https:\/\/elmundodelosnegocios.com.do\/v1\/wp-json\/wp\/v2\/posts\/26124","targetHints":{"allow":["GET"]}}],"collection":[{"href":"https:\/\/elmundodelosnegocios.com.do\/v1\/wp-json\/wp\/v2\/posts"}],"about":[{"href":"https:\/\/elmundodelosnegocios.com.do\/v1\/wp-json\/wp\/v2\/types\/post"}],"author":[{"embeddable":true,"href":"https:\/\/elmundodelosnegocios.com.do\/v1\/wp-json\/wp\/v2\/users\/2"}],"replies":[{"embeddable":true,"href":"https:\/\/elmundodelosnegocios.com.do\/v1\/wp-json\/wp\/v2\/comments?post=26124"}],"version-history":[{"count":0,"href":"https:\/\/elmundodelosnegocios.com.do\/v1\/wp-json\/wp\/v2\/posts\/26124\/revisions"}],"wp:featuredmedia":[{"embeddable":true,"href":"https:\/\/elmundodelosnegocios.com.do\/v1\/wp-json\/wp\/v2\/media\/26125"}],"wp:attachment":[{"href":"https:\/\/elmundodelosnegocios.com.do\/v1\/wp-json\/wp\/v2\/media?parent=26124"}],"wp:term":[{"taxonomy":"category","embeddable":true,"href":"https:\/\/elmundodelosnegocios.com.do\/v1\/wp-json\/wp\/v2\/categories?post=26124"},{"taxonomy":"post_tag","embeddable":true,"href":"https:\/\/elmundodelosnegocios.com.do\/v1\/wp-json\/wp\/v2\/tags?post=26124"}],"curies":[{"name":"wp","href":"https:\/\/api.w.org\/{rel}","templated":true}]}}