{"id":26127,"date":"2023-02-20T20:05:02","date_gmt":"2023-02-21T00:35:02","guid":{"rendered":"https:\/\/elmundodelosnegocios.com.do\/v1\/?p=26127"},"modified":"2023-02-20T20:07:47","modified_gmt":"2023-02-21T00:37:47","slug":"presidente-abinader-inaugura-obras-en-barahona-incentivaran-turismo-y-dinamizaran-economia-del-sur","status":"publish","type":"post","link":"https:\/\/elmundodelosnegocios.com.do\/v1\/presidente-abinader-inaugura-obras-en-barahona-incentivaran-turismo-y-dinamizaran-economia-del-sur\/","title":{"rendered":"Turismo transforma tres playas en Barahona con un costo de 150 millones de pesos"},"content":{"rendered":"\n<p>Barahona.-&nbsp;<strong>El Presidente Luis Abinader y el Ministro de Turismo, David Collado<\/strong>, inauguraron las renovadas&nbsp;<strong>plazas de vendedores<\/strong>&nbsp;de las playas Los Patos y El Quema\u00edto y la&nbsp;<strong>v\u00eda de acceso Riocito-Playa Saladillas<\/strong>, con una inversi\u00f3n aproximada de&nbsp;<strong>RD 160 millones<\/strong>.<\/p>\n\n\n\n<p>El mandatario valor\u00f3 las acciones del Gobierno para reformar la&nbsp;<strong>principal fuente negocios y de empleos<\/strong>&nbsp;que tiene el pa\u00eds en materia de&nbsp;<strong>turismo<\/strong>&nbsp;en esta regi\u00f3n.<\/p>\n\n\n\n<p><em>\u00abAqu\u00ed cada vez va a ser mayor la cantidad de carros que van a pasar y eso significa m\u00e1s negocios, m\u00e1s gente que se van a parar a comer, desayunar o cenar; todo eso es parte del dinamismo econ\u00f3mico que crea el turismo\u00bb.<\/em><\/p>\n\n\n\n<p>Enfatiz\u00f3 que este dinamismo favorece a los taxistas, negocios de ventas de otros productos y al desarrollo de la poblaci\u00f3n.<\/p>\n\n\n\n<figure class=\"wp-block-image\"><img decoding=\"async\" src=\"https:\/\/presidencia.gob.do\/sites\/default\/files\/content\/65112395-07FE-4548-BEA3-2AA62576A11A.jpeg\" alt=\"\"\/><\/figure>\n\n\n\n<p>Adem\u00e1s anunci\u00f3 que a final de 2023 y en enero de 2024, Pedernales recibir\u00e1 sus&nbsp;<strong>primeros turistas de crucero,&nbsp;<\/strong>con lo cual se generar\u00e1n&nbsp;<strong>oportunidades de negocio<\/strong>&nbsp;para toda la regi\u00f3n.<\/p>\n\n\n\n<p>Mientras, el Ministro Collado precis\u00f3 que&nbsp;<em>\u201ccon este nuevo ordenamiento en las m\u00e1s populares y tur\u00edsticas playas de aqu\u00ed, se reafirma y se cumple nuestra promesa de convertir cada rinc\u00f3n del pa\u00eds en un anhelado y diversificado destino tur\u00edstico\u201d.<\/em><\/p>\n\n\n\n<p>En la plaza de vendedores de&nbsp;<strong>Los Patos<\/strong>, se remozaron 14 m\u00f3dulos y se construyeron dos por&nbsp;<strong>RD 66,040,440.25<\/strong>. En tanto que en&nbsp;<strong>El Quema\u00edto<\/strong>&nbsp;se remozaron cinco kioscos y se construy\u00f3 un \u00e1rea social de mesas por&nbsp;<strong>RD 32,636,780.05<\/strong>.<\/p>\n\n\n\n<p>Estos montos tambi\u00e9n incluyen pasarelas de circulaci\u00f3n, nuevos y remozados ba\u00f1os, red sanitaria, mejoramiento en los sistemas el\u00e9ctricos y de aguas residuales, iluminaci\u00f3n, se\u00f1alizaci\u00f3n, paisajismo, estacionamientos y seguridad.<\/p>\n\n\n\n<p>La v\u00eda de acceso Riocito-Playa Saladilla y la construcci\u00f3n de aceras a ambos lados por 2.2 kil\u00f3metros, responden a&nbsp;<strong>viejos reclamos de varias comunidades<\/strong>&nbsp;para conectar el centro de la ciudad con la Playa Saladilla y para ello se hizo una inversi\u00f3n de&nbsp;<strong>RD 60,480,092.<\/strong><\/p>\n\n\n\n<figure class=\"wp-block-image\"><img decoding=\"async\" src=\"https:\/\/presidencia.gob.do\/sites\/default\/files\/content\/2098EDAC-8C82-4664-B208-8ED76ADE19FE.jpeg\" alt=\"\"\/><\/figure>\n\n\n\n<p>Estuvieron presentes, la gobernadora Genara Gonz\u00e1lez; el viceministro Administrativo y Financiero de la Presidencia, Igor Rodr\u00edguez; el alcalde de La Ci\u00e9naga &#8211; El Quema\u00edto, Francisco G\u00f3mez; el director del INFOTEP, Rafael Santos Bad\u00eda, y el de Promipyme, Porfirio Peralta, junto al comandante de la Armada, Francisco Sosa, entre otros.<\/p>\n","protected":false},"excerpt":{"rendered":"<p>Barahona.-&nbsp;El Presidente Luis Abinader y el Ministro de Turismo, David Collado, inauguraron las renovadas&nbsp;plazas de vendedores&nbsp;de las playas Los Patos y El Quema\u00edto y la&nbsp;v\u00eda de acceso Riocito-Playa Saladillas, con&hellip; <\/p>\n","protected":false},"author":2,"featured_media":26131,"comment_status":"closed","ping_status":"closed","sticky":false,"template":"","format":"standard","meta":{"fifu_image_url":"","fifu_image_alt":"","footnotes":""},"categories":[172],"tags":[],"class_list":["post-26127","post","type-post","status-publish","format-standard","has-post-thumbnail","hentry","category-turismo"],"_links":{"self":[{"href":"https:\/\/elmundodelosnegocios.com.do\/v1\/wp-json\/wp\/v2\/posts\/26127","targetHints":{"allow":["GET"]}}],"collection":[{"href":"https:\/\/elmundodelosnegocios.com.do\/v1\/wp-json\/wp\/v2\/posts"}],"about":[{"href":"https:\/\/elmundodelosnegocios.com.do\/v1\/wp-json\/wp\/v2\/types\/post"}],"author":[{"embeddable":true,"href":"https:\/\/elmundodelosnegocios.com.do\/v1\/wp-json\/wp\/v2\/users\/2"}],"replies":[{"embeddable":true,"href":"https:\/\/elmundodelosnegocios.com.do\/v1\/wp-json\/wp\/v2\/comments?post=26127"}],"version-history":[{"count":0,"href":"https:\/\/elmundodelosnegocios.com.do\/v1\/wp-json\/wp\/v2\/posts\/26127\/revisions"}],"wp:featuredmedia":[{"embeddable":true,"href":"https:\/\/elmundodelosnegocios.com.do\/v1\/wp-json\/wp\/v2\/media\/26131"}],"wp:attachment":[{"href":"https:\/\/elmundodelosnegocios.com.do\/v1\/wp-json\/wp\/v2\/media?parent=26127"}],"wp:term":[{"taxonomy":"category","embeddable":true,"href":"https:\/\/elmundodelosnegocios.com.do\/v1\/wp-json\/wp\/v2\/categories?post=26127"},{"taxonomy":"post_tag","embeddable":true,"href":"https:\/\/elmundodelosnegocios.com.do\/v1\/wp-json\/wp\/v2\/tags?post=26127"}],"curies":[{"name":"wp","href":"https:\/\/api.w.org\/{rel}","templated":true}]}}