{"id":26132,"date":"2023-02-20T20:11:13","date_gmt":"2023-02-21T00:41:13","guid":{"rendered":"https:\/\/elmundodelosnegocios.com.do\/v1\/?p=26132"},"modified":"2023-02-20T20:11:34","modified_gmt":"2023-02-21T00:41:34","slug":"zonas-francas-registran-el-mejor-enero-de-los-ultimos-12-anos-alcanzando-los-usd-522-millones","status":"publish","type":"post","link":"https:\/\/elmundodelosnegocios.com.do\/v1\/zonas-francas-registran-el-mejor-enero-de-los-ultimos-12-anos-alcanzando-los-usd-522-millones\/","title":{"rendered":"Zonas francas registran el mejor enero de los \u00faltimos 12 a\u00f1os alcanzando los USD 522 millones"},"content":{"rendered":"\n<p>Santo Domingo.\u2013 Las exportaciones de zonas francas&nbsp;<strong>crecieron 9 %<\/strong>&nbsp;en enero de 2023 con respecto a enero de 2022 y registraron un&nbsp;<strong>m\u00e1ximo hist\u00f3rico&nbsp;<\/strong>en los \u00faltimos 12 a\u00f1os, desde 2010, alcanzando los&nbsp;<strong>USD 522 millones en el primer mes del a\u00f1o<\/strong>, inform\u00f3 el Ministerio de Industria, Comercio y Mipymes&nbsp;<strong>(MICM)<\/strong>.<\/p>\n\n\n\n<p>La instituci\u00f3n destac\u00f3 que, si se compara el desempe\u00f1o del sector con el mes de enero de 2019, a\u00f1o prepandemia, las exportaciones de zonas francas crecieron 23 %, lo cual refuerza las&nbsp;<strong>expectativas positivas sobre el desempe\u00f1o del sector.<\/strong><\/p>\n\n\n\n<p>En el mes de referencia, las exportaciones del r\u00e9gimen de zonas francas representaron un 61.6 % de los USD 847.4 millones exportados en total, mientras las del r\u00e9gimen nacional, un 38.4 %, lo que reafirma la&nbsp;<strong>predominancia de las zonas francas en la estructura exportadora dominicana.<\/strong><\/p>\n\n\n\n<p>La instituci\u00f3n se\u00f1al\u00f3 que el sector de zonas francas export\u00f3 USD 42.9 millones m\u00e1s que en enero de 2022, para un total de&nbsp;<strong>USD 521.9 millones este a\u00f1o<\/strong>, con respecto a los USD 478.9 millones registrados en el mismo mes del a\u00f1o pasado, de acuerdo con las cifras de la&nbsp;<strong>Direcci\u00f3n General de Aduanas (DGA)<\/strong>.<\/p>\n\n\n\n<p><strong>El Ministro de Industria, Comercio y Mipymes, V\u00edctor \u201cIto\u201d Bison\u00f3<\/strong>, afirm\u00f3 que el sector mantiene una tendencia de&nbsp;<strong>crecimiento sostenido<\/strong>&nbsp;y ha realizado&nbsp;<strong>importantes inversiones<\/strong>, impactando positivamente en su&nbsp;<strong>capacidad de producci\u00f3n y en la generaci\u00f3n de empleos a nivel nacional.<\/strong><\/p>\n\n\n\n<p>Los principales subsectores que impulsaron este excelente desempe\u00f1o fueron&nbsp;<strong>aparatos el\u00e9ctricos y electr\u00f3nicos<\/strong>, que registraron el mayor crecimiento relativo, con 32.6 % en enero, mientras que&nbsp;<strong>productos y equipos m\u00e9dicos&nbsp;<\/strong>crecieron 21.3 %, seguidos por&nbsp;<strong>calzados y sus componentes<\/strong>&nbsp;(19.8 %),&nbsp;<strong>productos agroindustriales<\/strong>&nbsp;(15.4 %) y&nbsp;<strong>tabaco y sus derivados<\/strong>&nbsp;(12.7 %).<\/p>\n\n\n\n<p><strong>Nuevos mercados<\/strong><\/p>\n\n\n\n<p>Uno de los rubros que han encontrado&nbsp;<strong>nuevos destinos de exportaci\u00f3n<\/strong>&nbsp;son los&nbsp;<strong>dispositivos m\u00e9dicos<\/strong>, de los cuales en 2022 se exportaron aparatos m\u00e9dicos para el monitoreo de la presi\u00f3n arterial a Jap\u00f3n y Pa\u00edses Bajos, as\u00ed como productos m\u00e9dicos para uso respiratorio, a Italia. De igual forma,&nbsp;<strong>el tabaco y los cigarros<\/strong>, entre otros suced\u00e1neos, se exportan hacia diversos mercados entre los que se destacan, adem\u00e1s de Estados Unidos, Alemania, Honduras y China, y tambi\u00e9n destaca&nbsp;<strong>el ron<\/strong>, a Espa\u00f1a.<\/p>\n\n\n\n<p>En este sentido, se destaca que el sector experimenta un&nbsp;<strong>importante proceso de diversificaci\u00f3n<\/strong>&nbsp;en t\u00e9rminos de destinos de exportaci\u00f3n. Rep\u00fablica Dominicana en la actualidad exporta&nbsp;<strong>m\u00e1s de 1,700 productos a 129 pa\u00edses<\/strong>, entre los que destacan Estados Unidos, Hait\u00ed, Puerto Rico, Israel, Emiratos \u00c1rabes Unidos, Nueva Zelanda, Australia, China, Espa\u00f1a, Italia, Francia e Inglaterra y otros pa\u00edses como Colombia, Honduras y Jap\u00f3n.<\/p>\n","protected":false},"excerpt":{"rendered":"<p>Santo Domingo.\u2013 Las exportaciones de zonas francas&nbsp;crecieron 9 %&nbsp;en enero de 2023 con respecto a enero de 2022 y registraron un&nbsp;m\u00e1ximo hist\u00f3rico&nbsp;en los \u00faltimos 12 a\u00f1os, desde 2010, alcanzando los&nbsp;USD&hellip; <\/p>\n","protected":false},"author":2,"featured_media":26133,"comment_status":"closed","ping_status":"closed","sticky":false,"template":"","format":"standard","meta":{"fifu_image_url":"","fifu_image_alt":"","footnotes":""},"categories":[177],"tags":[],"class_list":["post-26132","post","type-post","status-publish","format-standard","has-post-thumbnail","hentry","category-zona-franca"],"_links":{"self":[{"href":"https:\/\/elmundodelosnegocios.com.do\/v1\/wp-json\/wp\/v2\/posts\/26132","targetHints":{"allow":["GET"]}}],"collection":[{"href":"https:\/\/elmundodelosnegocios.com.do\/v1\/wp-json\/wp\/v2\/posts"}],"about":[{"href":"https:\/\/elmundodelosnegocios.com.do\/v1\/wp-json\/wp\/v2\/types\/post"}],"author":[{"embeddable":true,"href":"https:\/\/elmundodelosnegocios.com.do\/v1\/wp-json\/wp\/v2\/users\/2"}],"replies":[{"embeddable":true,"href":"https:\/\/elmundodelosnegocios.com.do\/v1\/wp-json\/wp\/v2\/comments?post=26132"}],"version-history":[{"count":0,"href":"https:\/\/elmundodelosnegocios.com.do\/v1\/wp-json\/wp\/v2\/posts\/26132\/revisions"}],"wp:featuredmedia":[{"embeddable":true,"href":"https:\/\/elmundodelosnegocios.com.do\/v1\/wp-json\/wp\/v2\/media\/26133"}],"wp:attachment":[{"href":"https:\/\/elmundodelosnegocios.com.do\/v1\/wp-json\/wp\/v2\/media?parent=26132"}],"wp:term":[{"taxonomy":"category","embeddable":true,"href":"https:\/\/elmundodelosnegocios.com.do\/v1\/wp-json\/wp\/v2\/categories?post=26132"},{"taxonomy":"post_tag","embeddable":true,"href":"https:\/\/elmundodelosnegocios.com.do\/v1\/wp-json\/wp\/v2\/tags?post=26132"}],"curies":[{"name":"wp","href":"https:\/\/api.w.org\/{rel}","templated":true}]}}