{"id":26206,"date":"2023-02-27T14:58:28","date_gmt":"2023-02-27T19:28:28","guid":{"rendered":"http:\/\/elmundodelosnegocios.com.do\/v1\/?p=26206"},"modified":"2023-02-27T14:58:30","modified_gmt":"2023-02-27T19:28:30","slug":"nuevos-consejeros-de-procompetencia-fortalecen-el-organismo","status":"publish","type":"post","link":"https:\/\/elmundodelosnegocios.com.do\/v1\/nuevos-consejeros-de-procompetencia-fortalecen-el-organismo\/","title":{"rendered":"Nuevos consejeros de Procompetencia fortalecen el organismo"},"content":{"rendered":"\n<p><strong>SANTO DOMINGO. &#8211;<\/strong>&nbsp;El ministro de Industria, Comercio y Mipymes, V\u00edctor \u2013Ito- Bison\u00f3, afirm\u00f3 que los tres nuevos consejeros de la Comisi\u00f3n Nacional de Defensa de la Competencia (Procompetencia) fortalecen el consejo directivo del organismo, presidido por Mar\u00eda Elena V\u00e1squez Taveras.<\/p>\n\n\n\n<p><img decoding=\"async\" src=\"https:\/\/micm.gob.do\/images\/noticias\/2023\/02-febrero\/Bisono_afirma_que_nuevos_consejeros_02.jpg\" alt=\"\"><br>Durante la juramentaci\u00f3n de Mar\u00eda Elisa Holgu\u00edn, Keryma Marra y Francisco Manuel Pimentel, el ministro record\u00f3 la funci\u00f3n esencial de la instituci\u00f3n, adscrita al MICM por la Ley 37-17, para promover y defender la competencia en los mercados de bienes y servicios, de modo que se genere eficiencia econ\u00f3mica y beneficios en favor de consumidores y usuarios.<\/p>\n\n\n\n<p>De su lado la presidente V\u00e1squez y los consejeros juramentados agradecieron a Bison\u00f3 sus palabras, as\u00ed como su inter\u00e9s en colaborar con el fortalecimiento de los temas de competencia en la Rep\u00fablica Dominicana.<\/p>\n\n\n\n<p>El consejo directivo de Procompetencia es el \u00f3rgano de decisi\u00f3n y est\u00e1 integrado por cinco miembros que agotan un per\u00edodo de cinco a\u00f1os.<\/p>\n\n\n\n<p><strong>Mar\u00eda Elisa Holgu\u00edn<\/strong>&nbsp;es abogada con especialidades en Negocios y Comercio Internacional, crimen organizado, corrupci\u00f3n y terrorismo y maestr\u00eda en Derecho Privado, entre otras.&nbsp;<strong>Francisco Pimentel<\/strong>&nbsp;es mercad\u00f3logo, ex presidente de la C\u00e1mara de Comercio y Producci\u00f3n de La Vega.<\/p>\n\n\n\n<p><strong>Keryma Marra<\/strong>&nbsp;es abogada con maestr\u00eda en Derecho Comercial y Derecho Econ\u00f3mico. Se ha desempe\u00f1ado como secretaria ejecutiva del Consejo Nacional de Salud, asesora legal del comit\u00e9 ejecutivo del Consejo Nacional de Salud, con experiencia en modernizaci\u00f3n de ese sector.<\/p>\n\n\n\n<p>Los consejeros son nombrados por el Congreso de acuerdo a una terna propuesta por el Poder Ejecutivo; previo a su designaci\u00f3n fueron entrevistados por la Comisi\u00f3n de industria, comercio y zonas francas del Senado, que finalmente los seleccion\u00f3 el martes 14 de febrero. De acuerdo con la ley 42-08, sus facultades son reglamentarias, resolutivas, dirimentes, de informe y sancionadoras. Comparten con la Direcci\u00f3n Ejecutiva, a cargo de V\u00e1squez, las atribuciones de promoci\u00f3n y abogac\u00eda de la competencia.<\/p>\n\n\n\n<p>En el acto de juramentaci\u00f3n estuvieron presentes por el MICM, la viceministra de Comercio Exterior, Vilma Arbaje de Contreras, y por Procompetencia las se\u00f1oras Gianna Franjul, miembro del Consejo Directivo, Fior D\u2019Aliza Alduey, Directora Ejecutiva, Ana Rossina Troncoso de Relaciones Interinstitucionales y Tony P\u00e9rez de Comunicaciones.<\/p>\n","protected":false},"excerpt":{"rendered":"<p>SANTO DOMINGO. &#8211;&nbsp;El ministro de Industria, Comercio y Mipymes, V\u00edctor \u2013Ito- Bison\u00f3, afirm\u00f3 que los tres nuevos consejeros de la Comisi\u00f3n Nacional de Defensa de la Competencia (Procompetencia) fortalecen el&hellip; <\/p>\n","protected":false},"author":2,"featured_media":26207,"comment_status":"closed","ping_status":"closed","sticky":false,"template":"","format":"standard","meta":{"fifu_image_url":"","fifu_image_alt":"","footnotes":""},"categories":[151],"tags":[],"class_list":["post-26206","post","type-post","status-publish","format-standard","has-post-thumbnail","hentry","category-gerencia"],"_links":{"self":[{"href":"https:\/\/elmundodelosnegocios.com.do\/v1\/wp-json\/wp\/v2\/posts\/26206","targetHints":{"allow":["GET"]}}],"collection":[{"href":"https:\/\/elmundodelosnegocios.com.do\/v1\/wp-json\/wp\/v2\/posts"}],"about":[{"href":"https:\/\/elmundodelosnegocios.com.do\/v1\/wp-json\/wp\/v2\/types\/post"}],"author":[{"embeddable":true,"href":"https:\/\/elmundodelosnegocios.com.do\/v1\/wp-json\/wp\/v2\/users\/2"}],"replies":[{"embeddable":true,"href":"https:\/\/elmundodelosnegocios.com.do\/v1\/wp-json\/wp\/v2\/comments?post=26206"}],"version-history":[{"count":0,"href":"https:\/\/elmundodelosnegocios.com.do\/v1\/wp-json\/wp\/v2\/posts\/26206\/revisions"}],"wp:featuredmedia":[{"embeddable":true,"href":"https:\/\/elmundodelosnegocios.com.do\/v1\/wp-json\/wp\/v2\/media\/26207"}],"wp:attachment":[{"href":"https:\/\/elmundodelosnegocios.com.do\/v1\/wp-json\/wp\/v2\/media?parent=26206"}],"wp:term":[{"taxonomy":"category","embeddable":true,"href":"https:\/\/elmundodelosnegocios.com.do\/v1\/wp-json\/wp\/v2\/categories?post=26206"},{"taxonomy":"post_tag","embeddable":true,"href":"https:\/\/elmundodelosnegocios.com.do\/v1\/wp-json\/wp\/v2\/tags?post=26206"}],"curies":[{"name":"wp","href":"https:\/\/api.w.org\/{rel}","templated":true}]}}