{"id":26209,"date":"2023-02-27T15:03:51","date_gmt":"2023-02-27T19:33:51","guid":{"rendered":"http:\/\/elmundodelosnegocios.com.do\/v1\/?p=26209"},"modified":"2023-02-27T15:03:53","modified_gmt":"2023-02-27T19:33:53","slug":"inauguran-segunda-etapa-puerto-de-cruceros-taino-bay-en-puerto-plata","status":"publish","type":"post","link":"https:\/\/elmundodelosnegocios.com.do\/v1\/inauguran-segunda-etapa-puerto-de-cruceros-taino-bay-en-puerto-plata\/","title":{"rendered":"Inauguran segunda etapa puerto de cruceros Ta\u00edno Bay en Puerto Plata"},"content":{"rendered":"\n<p>Puerto Plata. &#8211;&nbsp;<strong>El Presidente Luis Abinader<\/strong>&nbsp;encabez\u00f3 la inauguraci\u00f3n de la&nbsp;<strong>segunda fase de la terminal tur\u00edstica y de carga Ta\u00edno Bay<\/strong>, con una inversi\u00f3n que supera los USD 15 millones.<\/p>\n\n\n\n<p>A su llegada, el mandatario se detuvo a saludar a turistas de diversas nacionalidades que se encontraban en la terminal, la cual&nbsp;<strong>recibi\u00f3 este viernes<\/strong>&nbsp;<strong>dos cruceros con m\u00e1s de 8,000 pasajeros.<\/strong><\/p>\n\n\n\n<p>Durante el acto, el Presidente Abinader destac\u00f3 que la Rep\u00fablica Dominicana&nbsp;<strong>est\u00e1 camino a convertirse en el pa\u00eds del Caribe que recibe m\u00e1s turismo de cruceros<\/strong>, con 1,311,000 pasajeros en 2022 y una proyecci\u00f3n de casi dos millones para 2023.<\/p>\n\n\n\n<p>Adem\u00e1s, destac\u00f3 otros tres proyectos de puertos de cruceros que se est\u00e1n desarrollando en&nbsp;<strong>Saman\u00e1 y Cabo Rojo<\/strong>&nbsp;para seguir consolidando el sector del turismo. A esto agreg\u00f3 que entre&nbsp;<strong>Autoridad Portuaria y el Ministerio de Turismo<\/strong>&nbsp;ya se inici\u00f3 el proceso de licitaci\u00f3n para un&nbsp;<strong>muelle tur\u00edstico en Barahona,&nbsp;<\/strong>que servir\u00e1 de complemento para Cabo Rojo en Pedernales.<\/p>\n\n\n\n<p><em>\u201cEstamos apoyando todas las iniciativas, somos pro empresas, somos pro empleos y somos pro desarrollo\u201d,<\/em>&nbsp;enfatiz\u00f3 el gobernante.<\/p>\n\n\n\n<figure class=\"wp-block-image\"><img decoding=\"async\" src=\"https:\/\/presidencia.gob.do\/sites\/default\/files\/content\/WhatsApp%20Image%202023-02-24%20at%204.47.18%20PM.jpeg\" alt=\"\"\/><\/figure>\n\n\n\n<p><strong>Segunda etapa Ta\u00edno Bay<\/strong><\/p>\n\n\n\n<p><strong>Con esta segunda etapa, se suman m\u00e1s de 450 empleos directos<\/strong>&nbsp;y se agregan al puerto, una zona de&nbsp;<em>drop off<\/em>&nbsp;para el descenso de pasajeros, dos restaurantes, 26 locales comerciales, piscina con bar, r\u00edo lento como espacio recreativo y 3 bares.<\/p>\n\n\n\n<p>Con esto se brindan&nbsp;<strong>m\u00e1s y mejores amenidades a los cruceristas<\/strong>&nbsp;y se apuesta a mantener la dinamizaci\u00f3n y potencializaci\u00f3n del turismo en la provincia y toda la regi\u00f3n.<\/p>\n\n\n\n<p>Ta\u00edno Bay ha atra\u00eddo una gran cantidad de pasajeros, superando los 300,000 en 2022 y proyectando otros 750,000 para este 2023, \u201c<em>con una derrama de m\u00e1s de 100 millones de d\u00f3lares para la regi\u00f3n\u201d,<\/em>&nbsp;resalt\u00f3&nbsp;<strong>Mauricio Hamui, CEO de ITM y de Ta\u00edno Bay.<\/strong><\/p>\n\n\n\n<p>Siete l\u00edneas de cruceros arriban a esta terminal, que cuenta con tres posiciones de atraque y&nbsp;<strong>capacidad para unos 14,000 cruceristas.<\/strong><\/p>\n\n\n\n<figure class=\"wp-block-image\"><img decoding=\"async\" src=\"https:\/\/presidencia.gob.do\/sites\/default\/files\/content\/WhatsApp%20Image%202023-02-24%20at%204.47.21%20PM.jpeg\" alt=\"\"\/><\/figure>\n\n\n\n<p><strong>Anuncian tercera etapa<\/strong><\/p>\n\n\n\n<p>Hamui tambi\u00e9n anunci\u00f3 que junto al&nbsp;<strong>Ministerio de Cultura<\/strong>&nbsp;trabajan en la tercera etapa del puerto, para la cual se rehabilitar\u00e1 la infraestructura en&nbsp;<strong>la Fortaleza de San Felipe.<\/strong><\/p>\n\n\n\n<p>As\u00ed mismo, indic\u00f3 que&nbsp;<strong>el puerto abrir\u00e1 sus instalaciones para el disfrute de familias puertoplate\u00f1as&nbsp;<\/strong>durante los domingos cuando no haya cruceros.<\/p>\n\n\n\n<p><strong>Ocho terminales de cruceros para 2025<\/strong><\/p>\n\n\n\n<p>Para 2025,&nbsp;<em>\u201cla Rep\u00fablica Dominicana pasar\u00e1 de 3 a 8 terminales de cruceros de las cuales ya 3 reciben cruceros tipo Oasis\u201d,<\/em>&nbsp;as\u00ed lo manifest\u00f3 el&nbsp;<strong>director de Autoridad Portuaria Dominicana, Jean Luis Rodr\u00edguez.<\/strong><\/p>\n\n\n\n<p><em>\u201cRecibimos en 2020 tres terminales de cruceros que no estaban funcionando por motivo de la pandemia del COVID-19, y una sola de ellas ten\u00eda la capacidad de recibir cruceros tipo Oasis. Hoy contamos con Ta\u00edno Bay, con dos etapas en funcionamiento, estamos construyendo Saman\u00e1 Bayport y Port Cabo Rojo, en proyecto junto a la DGAPP, tenemos Arroyo Barril, y estamos trabajando una propuesta para Barahona\u201d.<\/em><\/p>\n\n\n\n<figure class=\"wp-block-image\"><img decoding=\"async\" src=\"https:\/\/presidencia.gob.do\/sites\/default\/files\/content\/WhatsApp%20Image%202023-02-24%20at%204.47.22%20PM.jpeg\" alt=\"\"\/><\/figure>\n\n\n\n<p>En tanto, el&nbsp;<strong>administrador general del Banco de Reservas, Samuel Pereyra<\/strong>, expres\u00f3 que&nbsp;<em>\u201cesta obra transmite un mensaje solidario al Gobierno y a la empresa privada, de compromiso, confianza y optimismo en ellos, y con sus clientes actuales y potenciales inversionistas del sector\u201d.<\/em><\/p>\n\n\n\n<p>Participaron el Ministro Administrativo de la Presidencia, Jos\u00e9 Ignacio Paliza; de Turismo, David Collado; de Cultura, Milagros Germ\u00e1n; de Industria y Comercio, V\u00edctor \u201cIto\u201d Bison\u00f3; la gobernadora Claritza Rochtte; la senadora&nbsp;Ginette Bournigal; el alcalde Di\u00f3medes Roque Garc\u00eda, y el viceministro Igor Rodr\u00edguez.<\/p>\n\n\n\n<p>Tambi\u00e9n el director de Alianzas P\u00fablico-Privada, Sigmund Freund; el presidente del Consejo de Administraci\u00f3n de APORDOM, Alejandro Campos, y el vicealmirante Ram\u00f3n Gustavo Betances, Armada RD, entre otros.<\/p>\n","protected":false},"excerpt":{"rendered":"<p>Puerto Plata. &#8211;&nbsp;El Presidente Luis Abinader&nbsp;encabez\u00f3 la inauguraci\u00f3n de la&nbsp;segunda fase de la terminal tur\u00edstica y de carga Ta\u00edno Bay, con una inversi\u00f3n que supera los USD 15 millones. A&hellip; <\/p>\n","protected":false},"author":2,"featured_media":26210,"comment_status":"closed","ping_status":"closed","sticky":false,"template":"","format":"standard","meta":{"fifu_image_url":"","fifu_image_alt":"","footnotes":""},"categories":[170],"tags":[],"class_list":["post-26209","post","type-post","status-publish","format-standard","has-post-thumbnail","hentry","category-transporte-maritimo"],"_links":{"self":[{"href":"https:\/\/elmundodelosnegocios.com.do\/v1\/wp-json\/wp\/v2\/posts\/26209","targetHints":{"allow":["GET"]}}],"collection":[{"href":"https:\/\/elmundodelosnegocios.com.do\/v1\/wp-json\/wp\/v2\/posts"}],"about":[{"href":"https:\/\/elmundodelosnegocios.com.do\/v1\/wp-json\/wp\/v2\/types\/post"}],"author":[{"embeddable":true,"href":"https:\/\/elmundodelosnegocios.com.do\/v1\/wp-json\/wp\/v2\/users\/2"}],"replies":[{"embeddable":true,"href":"https:\/\/elmundodelosnegocios.com.do\/v1\/wp-json\/wp\/v2\/comments?post=26209"}],"version-history":[{"count":0,"href":"https:\/\/elmundodelosnegocios.com.do\/v1\/wp-json\/wp\/v2\/posts\/26209\/revisions"}],"wp:featuredmedia":[{"embeddable":true,"href":"https:\/\/elmundodelosnegocios.com.do\/v1\/wp-json\/wp\/v2\/media\/26210"}],"wp:attachment":[{"href":"https:\/\/elmundodelosnegocios.com.do\/v1\/wp-json\/wp\/v2\/media?parent=26209"}],"wp:term":[{"taxonomy":"category","embeddable":true,"href":"https:\/\/elmundodelosnegocios.com.do\/v1\/wp-json\/wp\/v2\/categories?post=26209"},{"taxonomy":"post_tag","embeddable":true,"href":"https:\/\/elmundodelosnegocios.com.do\/v1\/wp-json\/wp\/v2\/tags?post=26209"}],"curies":[{"name":"wp","href":"https:\/\/api.w.org\/{rel}","templated":true}]}}