{"id":26216,"date":"2023-02-27T15:14:22","date_gmt":"2023-02-27T19:44:22","guid":{"rendered":"https:\/\/elmundodelosnegocios.com.do\/v1\/?p=26216"},"modified":"2023-02-27T15:14:24","modified_gmt":"2023-02-27T19:44:24","slug":"cifras-record-sector-turismo-rd-recibe-8-5-millones-de-visitantes-en-2022-y-usd-8400-millones-en-entrada-de-divisas","status":"publish","type":"post","link":"https:\/\/elmundodelosnegocios.com.do\/v1\/cifras-record-sector-turismo-rd-recibe-8-5-millones-de-visitantes-en-2022-y-usd-8400-millones-en-entrada-de-divisas\/","title":{"rendered":"Cifras r\u00e9cord sector turismo; RD recibe 8.5 millones de visitantes en 2022 y USD 8,400 millones en entrada de divisas"},"content":{"rendered":"\n<p>Santo Domingo. \u2013 En su rendici\u00f3n de cuentas ante la Asamblea Nacional, al referirse al turismo,&nbsp;el Presidente Luis Abinader destac\u00f3 las&nbsp;<strong>cifras r\u00e9cord<\/strong>&nbsp;que se han alcanzado tanto a&nbsp;<strong>nivel de turismo internacional como nacional<\/strong>.<\/p>\n\n\n\n<p>Por primera vez en la historia del turismo dominicano, en el&nbsp;<strong>2022 se recibieron 8 millones y medio de visitantes<\/strong>, de los cuales, m\u00e1s de siete millones llegaron por v\u00eda a\u00e9rea y&nbsp;<strong>1.3 millones fueron cruceristas<\/strong>.<\/p>\n\n\n\n<p>Adem\u00e1s, en este mismo a\u00f1o se registraron&nbsp;<strong>8,400 millones de d\u00f3lares en entrada de divisas por turismo<\/strong>.<\/p>\n\n\n\n<p><em>\u201cMientras el mundo tiene todav\u00eda una brecha del 37 % respecto a antes de la pandemia, nuestro pa\u00eds creci\u00f3 a doble d\u00edgito\u201d<\/em>, destac\u00f3 el Presidente, al tiempo que indic\u00f3 que el n\u00famero de vuelos que lleg\u00f3 al pa\u00eds fue de 59,458, por lo que creci\u00f3 un 11 % con relaci\u00f3n al mejor a\u00f1o prepandemia.<\/p>\n\n\n\n<p>As\u00ed mismo, indic\u00f3 que los n\u00fameros del&nbsp;<strong>sector turismo permiten<\/strong>&nbsp;que este siga contribuyendo a la&nbsp;<strong>estabilidad de la tasa de cambio de nuestro pa\u00eds<\/strong>.<\/p>\n\n\n\n<p>En este contexto, manifest\u00f3 que la ocupaci\u00f3n hotelera alcanz\u00f3 niveles hist\u00f3ricamente altos, con un promedio anual cercano al 75 %; la econom\u00eda de los hogares que viven del alquiler de corto plazo tuvo un incremento en la ocupaci\u00f3n del 25 % al 35 %, mientras el sector de hoteles, bares y restaurantes es responsable de m\u00e1s del 30 % del crecimiento econ\u00f3mico, y por ende del sostenimiento y la creaci\u00f3n de empleos.<\/p>\n\n\n\n<p><strong>USD 433 millones para primeros proyectos tur\u00edsticos de Pedernales<\/strong><\/p>\n\n\n\n<p><em>\u201cUno de los mayores legados que este Gobierno va a dejar a este pa\u00eds ser\u00e1 el desarrollo tur\u00edstico de Pedernales, una apuesta para el desarrollo econ\u00f3mico y social del sur que beneficiar\u00e1 adem\u00e1s de Pedernales, a Barahona, Independencia, Bahoruco y a San Juan de la Maguana, con un mercado seguro y cercano para sus productos agr\u00edcolas\u201d,<\/em>&nbsp;recalc\u00f3 el Presidente.<\/p>\n\n\n\n<p>En este sentido, resalt\u00f3 que, a la fecha, la&nbsp;<strong>inversi\u00f3n para el desarrollo tur\u00edstico de Pedernales asciende a 433 millones de d\u00f3lares<\/strong>. De estos, 335 millones de d\u00f3lares corresponden a la construcci\u00f3n de los tres primeros hoteles con 1,600 habitaciones en desarrollo y generando unos 2,200 empleos directos y 6,600 indirectos.<\/p>\n\n\n\n<p>Otros 98 millones de d\u00f3lares corresponden al&nbsp;<strong>Puerto de Cabo Rojo<\/strong>&nbsp;<em>\u201cdonde la l\u00ednea Norwegian Cruise Line ya ha anunciado la llegada de cruceros a partir de enero de 2024\u201d<\/em>.<\/p>\n\n\n\n<p>Agreg\u00f3 que, en este primer cuatrimestre del 2023, se iniciar\u00e1 la&nbsp;<strong>licitaci\u00f3n del Aeropuerto Internacional de Pedernales<\/strong>, que ser\u00e1 construido en Oviedo y que est\u00e1n avanzados los trabajos de construcci\u00f3n de las v\u00edas de acceso del proyecto, obras hidrosanitarias, el acueducto, la subestaci\u00f3n el\u00e9ctrica y la carretera Enriquillo-Pedernales.<\/p>\n\n\n\n<p><strong>Desarrollo del turismo local<\/strong><\/p>\n\n\n\n<p>Entre las iniciativas lanzadas por el&nbsp;<strong>Ministerio de Turismo<\/strong>, el jefe de Estado cit\u00f3&nbsp;<em>\u201cTurismo en Cada Rinc\u00f3n\u201d<\/em>, promocionando destinos no tradicionales;<em>&nbsp;\u201cTurizoneando\u201d<\/em>, para destacar los principales atractivos de la Ciudad Colonial; y la construcci\u00f3n y remozamiento del Malec\u00f3n de Cabrera, playa de El Quemaito y Los Patos en Barahona, los accesos y v\u00edas de Playa Macao, Playa Cenote o Esmeralda entre muchos otros.<\/p>\n\n\n\n<p>Adem\u00e1s, en una alianza P\u00fablico-Privada, desde 2021, se viene trabajando en el&nbsp;<strong>desarrollo de Miches<\/strong>, con el inicio de&nbsp;<strong>7 nuevos hoteles<\/strong>&nbsp;y generando un nuevo destino sostenible al noreste del pa\u00eds. En Puerto Plata, ya se cuenta con el dise\u00f1o para empezar la construcci\u00f3n de la primera etapa de&nbsp;<strong>Punta Bergant\u00edn<\/strong>, a&nbsp;trav\u00e9s de acuerdos con hoteles tem\u00e1ticos, centros de innovaci\u00f3n y estudios de cine.<\/p>\n","protected":false},"excerpt":{"rendered":"<p>Santo Domingo. \u2013 En su rendici\u00f3n de cuentas ante la Asamblea Nacional, al referirse al turismo,&nbsp;el Presidente Luis Abinader destac\u00f3 las&nbsp;cifras r\u00e9cord&nbsp;que se han alcanzado tanto a&nbsp;nivel de turismo internacional&hellip; <\/p>\n","protected":false},"author":2,"featured_media":26217,"comment_status":"closed","ping_status":"closed","sticky":false,"template":"","format":"standard","meta":{"fifu_image_url":"","fifu_image_alt":"","footnotes":""},"categories":[172],"tags":[],"class_list":["post-26216","post","type-post","status-publish","format-standard","has-post-thumbnail","hentry","category-turismo"],"_links":{"self":[{"href":"https:\/\/elmundodelosnegocios.com.do\/v1\/wp-json\/wp\/v2\/posts\/26216","targetHints":{"allow":["GET"]}}],"collection":[{"href":"https:\/\/elmundodelosnegocios.com.do\/v1\/wp-json\/wp\/v2\/posts"}],"about":[{"href":"https:\/\/elmundodelosnegocios.com.do\/v1\/wp-json\/wp\/v2\/types\/post"}],"author":[{"embeddable":true,"href":"https:\/\/elmundodelosnegocios.com.do\/v1\/wp-json\/wp\/v2\/users\/2"}],"replies":[{"embeddable":true,"href":"https:\/\/elmundodelosnegocios.com.do\/v1\/wp-json\/wp\/v2\/comments?post=26216"}],"version-history":[{"count":0,"href":"https:\/\/elmundodelosnegocios.com.do\/v1\/wp-json\/wp\/v2\/posts\/26216\/revisions"}],"wp:featuredmedia":[{"embeddable":true,"href":"https:\/\/elmundodelosnegocios.com.do\/v1\/wp-json\/wp\/v2\/media\/26217"}],"wp:attachment":[{"href":"https:\/\/elmundodelosnegocios.com.do\/v1\/wp-json\/wp\/v2\/media?parent=26216"}],"wp:term":[{"taxonomy":"category","embeddable":true,"href":"https:\/\/elmundodelosnegocios.com.do\/v1\/wp-json\/wp\/v2\/categories?post=26216"},{"taxonomy":"post_tag","embeddable":true,"href":"https:\/\/elmundodelosnegocios.com.do\/v1\/wp-json\/wp\/v2\/tags?post=26216"}],"curies":[{"name":"wp","href":"https:\/\/api.w.org\/{rel}","templated":true}]}}