{"id":26249,"date":"2023-02-27T21:00:05","date_gmt":"2023-02-28T01:30:05","guid":{"rendered":"https:\/\/elmundodelosnegocios.com.do\/v1\/?p=26249"},"modified":"2023-02-27T21:00:08","modified_gmt":"2023-02-28T01:30:08","slug":"bid-centra-su-apoyo-en-desarrollo-social-y-crecimiento-sustentable-en-centroamerica-y-republica-dominicana","status":"publish","type":"post","link":"https:\/\/elmundodelosnegocios.com.do\/v1\/bid-centra-su-apoyo-en-desarrollo-social-y-crecimiento-sustentable-en-centroamerica-y-republica-dominicana\/","title":{"rendered":"BID centra su apoyo en desarrollo social y crecimiento sustentable en Centroam\u00e9rica y Rep\u00fablica Dominicana"},"content":{"rendered":"\n<p>SAN PEDRO, Belice \u2013 Los Gobernadores de los pa\u00edses miembros del Banco Interamericano de Desarrollo (BID) del Istmo Centroamericano y la Rep\u00fablica Dominicana celebran su 36\u00aa reuni\u00f3n anual en Belice los d\u00edas 20 y 21 de febrero.<\/p>\n\n\n\n<p>En su primer encuentro con los Gobernadores de esta regi\u00f3n el nuevo presidente del BID, Ilan Goldfajn, tuvo la oportunidad de presentarles su visi\u00f3n para aumentar la contribuci\u00f3n del Banco al desarrollo de los pa\u00edses, as\u00ed como escuchar sus perspectivas sobre las prioridades que deben guiar la agenda de los pr\u00f3ximos a\u00f1os. Las sesiones de trabajo, en las que participan expertos del BID y especialistas invitados, abren un di\u00e1logo para evaluar el actual contexto internacional, los desaf\u00edos para generar un crecimiento m\u00e1s inclusivo y sustentable, e identificar opciones de pol\u00edtica que permitan atender los retos de corto y mediano plazo. El encuentro se realiza en preparaci\u00f3n a la Reuni\u00f3n Anual del BID y de BID Invest, que tendr\u00e1 lugar del 16 al 19 de marzo en Panam\u00e1.<\/p>\n\n\n\n<p>De acuerdo con el \u00faltimo informe de actividades del BID,&nbsp;<a href=\"https:\/\/publications.iadb.org\/es\/generacion-de-oportunidades-y-mayor-resiliencia-prioridades-para-una-recuperacion-sostenible-el\" target=\"_blank\" rel=\"noreferrer noopener\">Generaci\u00f3n de oportunidades y mayor resiliencia: prioridades para una recuperaci\u00f3n sostenible<\/a>, la regi\u00f3n de Centroam\u00e9rica y Rep\u00fablica Dominicana presenta una recuperaci\u00f3n econ\u00f3mica un poco m\u00e1s r\u00e1pida que en otros pa\u00edses de Am\u00e9rica Latina y el Caribe, impulsada por la revitalizaci\u00f3n del sector turismo, las remesas y las exportaciones de productos agropecuarios. No obstante, el incremento de los precios de los alimentos dificulta continuar con la tendencia a la baja en la tasa de pobreza y est\u00e1 acentuando la situaci\u00f3n de inseguridad alimentaria.<\/p>\n\n\n\n<p>El nuevo presidente del BID destac\u00f3 durante su intervenci\u00f3n que, en un contexto de crisis cada vez m\u00e1s frecuentes y profundas, el Istmo Centroamericano y la Rep\u00fablica Dominicana deben apostar por priorizar pol\u00edticas que fomenten la resiliencia teniendo como eje central el bienestar de las personas. \u201cEn el Grupo BID impulsaremos nuestro apoyo para abordar de forma efectiva los obst\u00e1culos al crecimiento sostenible e inclusivo\u201d, dijo el presidente Goldfajn. \u201cVamos a avanzar en \u00e1reas de desarrollo social, aumentando nuestros esfuerzos en la reducci\u00f3n de la pobreza y de la inseguridad alimentaria. Ayudaremos a los pa\u00edses a abordar el cambio clim\u00e1tico y a invertir en infraestructura sostenible y vamos a mejorar la gesti\u00f3n del riesgo de desastres naturales. Es importante trabajar junto con el sector privado para movilizar recursos y apoyar el desarrollo de la regi\u00f3n\u201d.<\/p>\n\n\n\n<p><strong>Contribuci\u00f3n a los Objetivos de Desarrollo Sostenible&nbsp;<\/strong><br>Los pa\u00edses de Centroam\u00e9rica, Panam\u00e1 y Rep\u00fablica Dominicana recibieron en 2022 financiamiento del Grupo BID por valor de US$4.166 millones. Este trabajo ha permitido al BID continuar desplegando su apoyo a la regi\u00f3n priorizando actividades para fortalecer la generaci\u00f3n de ingresos de los m\u00e1s pobres, reducir las brechas en calidad y acceso a servicios b\u00e1sicos, aumentar la productividad de las peque\u00f1as y medianas empresas (pymes), mejorar la eficiencia del sector p\u00fablico y avanzar en la agenda de mitigaci\u00f3n y adaptaci\u00f3n al cambio clim\u00e1tico, acciones que han contribuido con los Objetivos de Desarrollo Sostenible.<\/p>\n\n\n\n<p>Durante los \u00faltimos seis a\u00f1os, y en su trabajo junto al sector p\u00fablico, gracias al apoyo del Grupo BID, 24 millones de personas han visto mejorar la atenci\u00f3n sanitaria en esta regi\u00f3n, 7,5 millones de estudiantes se han beneficiado de proyectos de educaci\u00f3n, cerca de 800.000 hogares tienen acceso a agua y saneamiento o energ\u00eda y 98.000 pymes han recibido financiamiento.<\/p>\n\n\n\n<p>En cuanto al sector privado, el presidente Goldfajn destac\u00f3 ante los gobernadores su compromiso para continuar mejorando la propuesta de valor del Grupo BID. BID Invest apoy\u00f3 al tejido productivo y el empleo, especialmente en pymes y sus cadenas de distribuci\u00f3n, as\u00ed como la facilitaci\u00f3n del comercio exterior.&nbsp;<\/p>\n\n\n\n<p>Por su lado BID Lab, el laboratorio de innovaci\u00f3n de la instituci\u00f3n concentr\u00f3 sus esfuerzos en la inclusi\u00f3n financiera de grupos vulnerables, la digitalizaci\u00f3n de las mypimes y los programas de capacitaci\u00f3n y empleo.<\/p>\n\n\n\n<p>Para m\u00e1s informaci\u00f3n del Grupo BID en el Istmo Centroamericano y Rep\u00fablica Dominicana, descargue aqu\u00ed el&nbsp;<a href=\"https:\/\/publications.iadb.org\/es\/generacion-de-oportunidades-y-mayor-resiliencia-prioridades-para-una-recuperacion-sostenible-el\" target=\"_blank\" rel=\"noreferrer noopener\">Informe de Actividades 2022<\/a>.<\/p>\n\n\n\n<p><strong>Acerca del Grupo BID<\/strong><br>El Grupo BID es la principal fuente de financiamiento para el desarrollo de Am\u00e9rica Latina y el Caribe. El Grupo ayuda a mejorar vidas al brindar soluciones financieras y conocimientos sobre el desarrollo a clientes tanto del sector p\u00fablico como del privado. El Grupo est\u00e1 compuesto por el BID, que ha trabajado con gobiernos por m\u00e1s de 60 a\u00f1os; BID Invest, que colabora con el sector privado; y BID Lab, que experimenta formas innovadoras de impulsar un crecimiento m\u00e1s inclusivo. Accede a nuestro&nbsp;<a href=\"https:\/\/virtualtour.iadb.org\/\" target=\"_blank\" rel=\"noreferrer noopener\">tour virtual<\/a>.<\/p>\n","protected":false},"excerpt":{"rendered":"<p>SAN PEDRO, Belice \u2013 Los Gobernadores de los pa\u00edses miembros del Banco Interamericano de Desarrollo (BID) del Istmo Centroamericano y la Rep\u00fablica Dominicana celebran su 36\u00aa reuni\u00f3n anual en Belice&hellip; <\/p>\n","protected":false},"author":2,"featured_media":26250,"comment_status":"closed","ping_status":"closed","sticky":false,"template":"","format":"standard","meta":{"fifu_image_url":"","fifu_image_alt":"","footnotes":""},"categories":[62],"tags":[],"class_list":["post-26249","post","type-post","status-publish","format-standard","has-post-thumbnail","hentry","category-economia"],"_links":{"self":[{"href":"https:\/\/elmundodelosnegocios.com.do\/v1\/wp-json\/wp\/v2\/posts\/26249","targetHints":{"allow":["GET"]}}],"collection":[{"href":"https:\/\/elmundodelosnegocios.com.do\/v1\/wp-json\/wp\/v2\/posts"}],"about":[{"href":"https:\/\/elmundodelosnegocios.com.do\/v1\/wp-json\/wp\/v2\/types\/post"}],"author":[{"embeddable":true,"href":"https:\/\/elmundodelosnegocios.com.do\/v1\/wp-json\/wp\/v2\/users\/2"}],"replies":[{"embeddable":true,"href":"https:\/\/elmundodelosnegocios.com.do\/v1\/wp-json\/wp\/v2\/comments?post=26249"}],"version-history":[{"count":0,"href":"https:\/\/elmundodelosnegocios.com.do\/v1\/wp-json\/wp\/v2\/posts\/26249\/revisions"}],"wp:featuredmedia":[{"embeddable":true,"href":"https:\/\/elmundodelosnegocios.com.do\/v1\/wp-json\/wp\/v2\/media\/26250"}],"wp:attachment":[{"href":"https:\/\/elmundodelosnegocios.com.do\/v1\/wp-json\/wp\/v2\/media?parent=26249"}],"wp:term":[{"taxonomy":"category","embeddable":true,"href":"https:\/\/elmundodelosnegocios.com.do\/v1\/wp-json\/wp\/v2\/categories?post=26249"},{"taxonomy":"post_tag","embeddable":true,"href":"https:\/\/elmundodelosnegocios.com.do\/v1\/wp-json\/wp\/v2\/tags?post=26249"}],"curies":[{"name":"wp","href":"https:\/\/api.w.org\/{rel}","templated":true}]}}