{"id":26309,"date":"2023-03-01T04:52:58","date_gmt":"2023-03-01T09:22:58","guid":{"rendered":"https:\/\/elmundodelosnegocios.com.do\/v1\/?p=26309"},"modified":"2023-03-01T04:53:00","modified_gmt":"2023-03-01T09:23:00","slug":"camara-de-santiago-valora-rendicion-de-cuenta","status":"publish","type":"post","link":"https:\/\/elmundodelosnegocios.com.do\/v1\/camara-de-santiago-valora-rendicion-de-cuenta\/","title":{"rendered":"Camara de Santiago valora rendici\u00f3n de cuenta"},"content":{"rendered":"\n<p>En una alocuci\u00f3n de dos horas y 37 minutos, el presidente Luis Abinader hizo una detallada rendici\u00f3n de cuentas ante la Asamblea Conjunta de senadores y diputados, e invitados especiales. Este evento se celebra por mandato constitucional cada 27 de febrero, fecha en que se conmemora la independencia de la Rep\u00fablica Dominicana.<\/p>\n\n\n\n<p>Carlos Iglesias, presidente de la C\u00e1mara de Comercio y Producci\u00f3n de Santiago y de la Federaci\u00f3n Dominicana de C\u00e1maras de Comercio, al asistir a la actividad expres\u00f3 que se trat\u00f3 de una relator\u00eda completa de las actividades del Gobierno durante el \u00faltimo a\u00f1o.<\/p>\n\n\n\n<p>Indic\u00f3 el empresario de Santiago que \u201cel presidente fue muy expl\u00edcito en el desempe\u00f1o de la econom\u00eda, el crecimiento del producto interno bruto, las nuevas inversiones y la generaci\u00f3n de empleos\u201d.<\/p>\n\n\n\n<p>Otros temas que resaltan en la rendici\u00f3n de cuentas incluyen las ejecutorias de infraestructuras y en la urgencia de encontrar v\u00edas de soluci\u00f3n a la crisis de Hait\u00ed\u201d.<\/p>\n\n\n\n<p>La nota de prensa resalta, adem\u00e1s, el clima de confianza que ha permitido nuevas inversiones en m\u00faltiples sectores de la econom\u00eda, como la industria, las zonas francas, el turismo, y la agropecuaria, por mencionar algunos.<\/p>\n\n\n\n<p>En el plano empresarial el presidente propuso convocar a los sectores involucrados para propiciar un aumento en el salario m\u00ednimo del sector privado para compensar el poder adquisitivo de los ciudadanos. Recuerda la nota que en el a\u00f1o 2022 el sector privado aglutinado en el CONEP, pidi\u00f3 a sus miembros que hicieran un aumento de salario en adici\u00f3n al mandato de ley.<\/p>\n\n\n\n<p>Iglesias, destac\u00f3 que \u201cla rendici\u00f3n de cuentas del presidente Abinader toc\u00f3 varios temas que impactan las actividades de Santiago, como el crecimiento de las zonas francas, las obras de movilidad urbana y la pr\u00f3xima licitaci\u00f3n de la autov\u00eda del \u00c1mbar que unir\u00e1 a Santiago con Puerto Plata\u201d.<\/p>\n\n\n\n<p>El presidente de la C\u00e1mara de Comercio y Producci\u00f3n de Santiago concluy\u00f3 sus consideraciones indicando que se trat\u00f3 de un informe completo, abarcador y esperanzador sobre el desempe\u00f1o futuro de la econom\u00eda dominicana.<\/p>\n","protected":false},"excerpt":{"rendered":"<p>En una alocuci\u00f3n de dos horas y 37 minutos, el presidente Luis Abinader hizo una detallada rendici\u00f3n de cuentas ante la Asamblea Conjunta de senadores y diputados, e invitados especiales.&hellip; <\/p>\n","protected":false},"author":2,"featured_media":26310,"comment_status":"closed","ping_status":"closed","sticky":false,"template":"","format":"standard","meta":{"fifu_image_url":"","fifu_image_alt":"","footnotes":""},"categories":[83],"tags":[],"class_list":["post-26309","post","type-post","status-publish","format-standard","has-post-thumbnail","hentry","category-empresariales-empresariales"],"_links":{"self":[{"href":"https:\/\/elmundodelosnegocios.com.do\/v1\/wp-json\/wp\/v2\/posts\/26309","targetHints":{"allow":["GET"]}}],"collection":[{"href":"https:\/\/elmundodelosnegocios.com.do\/v1\/wp-json\/wp\/v2\/posts"}],"about":[{"href":"https:\/\/elmundodelosnegocios.com.do\/v1\/wp-json\/wp\/v2\/types\/post"}],"author":[{"embeddable":true,"href":"https:\/\/elmundodelosnegocios.com.do\/v1\/wp-json\/wp\/v2\/users\/2"}],"replies":[{"embeddable":true,"href":"https:\/\/elmundodelosnegocios.com.do\/v1\/wp-json\/wp\/v2\/comments?post=26309"}],"version-history":[{"count":0,"href":"https:\/\/elmundodelosnegocios.com.do\/v1\/wp-json\/wp\/v2\/posts\/26309\/revisions"}],"wp:featuredmedia":[{"embeddable":true,"href":"https:\/\/elmundodelosnegocios.com.do\/v1\/wp-json\/wp\/v2\/media\/26310"}],"wp:attachment":[{"href":"https:\/\/elmundodelosnegocios.com.do\/v1\/wp-json\/wp\/v2\/media?parent=26309"}],"wp:term":[{"taxonomy":"category","embeddable":true,"href":"https:\/\/elmundodelosnegocios.com.do\/v1\/wp-json\/wp\/v2\/categories?post=26309"},{"taxonomy":"post_tag","embeddable":true,"href":"https:\/\/elmundodelosnegocios.com.do\/v1\/wp-json\/wp\/v2\/tags?post=26309"}],"curies":[{"name":"wp","href":"https:\/\/api.w.org\/{rel}","templated":true}]}}