{"id":26344,"date":"2023-03-01T11:15:33","date_gmt":"2023-03-01T15:45:33","guid":{"rendered":"https:\/\/elmundodelosnegocios.com.do\/v1\/?p=26344"},"modified":"2023-03-01T11:15:35","modified_gmt":"2023-03-01T15:45:35","slug":"26344","status":"publish","type":"post","link":"https:\/\/elmundodelosnegocios.com.do\/v1\/26344\/","title":{"rendered":""},"content":{"rendered":"\n<p>SANTO DOMINGO, R.D. Marzo Iro, 2023.- El Instituto Dominicano de Aviaci\u00f3n Civil (IDAC) record\u00f3 a los propietarios de drones que su operaci\u00f3n est\u00e1 regulada por esa entidad para asegurar su uso correcto y evitar que representen un riesgo de seguridad o afecten el derecho a la privacidad e intimidad de las personas.<\/p>\n\n\n<div class=\"wp-block-image\">\n<figure class=\"aligncenter size-large\"><img loading=\"lazy\" decoding=\"async\" width=\"1024\" height=\"576\" src=\"http:\/\/elmundodelosnegocios.com.do\/v1\/wp-content\/uploads\/2023\/03\/IDAC-orienta-sobre-uso-de-drones-1024x576.png\" alt=\"\" class=\"wp-image-26346\" srcset=\"https:\/\/elmundodelosnegocios.com.do\/v1\/wp-content\/uploads\/2023\/03\/IDAC-orienta-sobre-uso-de-drones-1024x576.png 1024w, https:\/\/elmundodelosnegocios.com.do\/v1\/wp-content\/uploads\/2023\/03\/IDAC-orienta-sobre-uso-de-drones-300x169.png 300w, https:\/\/elmundodelosnegocios.com.do\/v1\/wp-content\/uploads\/2023\/03\/IDAC-orienta-sobre-uso-de-drones-768x432.png 768w, https:\/\/elmundodelosnegocios.com.do\/v1\/wp-content\/uploads\/2023\/03\/IDAC-orienta-sobre-uso-de-drones-1536x864.png 1536w, https:\/\/elmundodelosnegocios.com.do\/v1\/wp-content\/uploads\/2023\/03\/IDAC-orienta-sobre-uso-de-drones-2048x1152.png 2048w\" sizes=\"auto, (max-width: 1024px) 100vw, 1024px\" \/><\/figure>\n<\/div>\n\n\n<p>Indica que el reglamento RAD-48, sobre requisitos de registro y etiquetado de aeronave peque\u00f1a pilotada a distancia, establece que para operar un dron que supere las 4.4 libras, se requiere un permiso que debe ser solicitado por toda persona que utilice este equipo o que tenga la intenci\u00f3n de importarlo v\u00eda Courier o traerlo a su llegada al pa\u00eds.<\/p>\n\n\n\n<p>En un comunicado suscrito por el director general interino, H\u00e9ctor Porcella, el IDAC aconseja a los interesados comunicarse con esta entidad para registrar el equipo y obtener la matr\u00edcula correspondiente para utilizarlo de manera permanente en las \u00e1reas no restringidas del territorio nacional.<\/p>\n\n\n\n<p>Entre las zonas restringidas para volar estas aeronaves, est\u00e1n los aeropuertos, aer\u00f3dromos, el Palacio Nacional, la Residencia Presidencial, el Ministerio de Defensa, la Base A\u00e9rea de San Isidro, la Base Naval 27 de Febrero, el Comando de Apoyo de Combate del Ej\u00e9rcito, el Campamento de la Primera Brigada, la Base Naval de Las Calderas y Campo de Tiro Cerro del Burro.<\/p>\n\n\n\n<p>Igualmente, el \u00c1rea de Instrucciones de Aeronaves Militares ALFA, la Refiner\u00eda Dominicana de Petr\u00f3leo, la Loma de Alto Bandera y el \u00c1rea de Instrucciones para Aeronaves Civiles denominadas Charlie entre otras instituciones civiles y militares.<\/p>\n\n\n\n<p>Sobre las operaciones de drones, el reglamento RAD 107 explica en qu\u00e9 condiciones se podr\u00eda hacer una exenci\u00f3n o cambio a la regulaci\u00f3n y el procedimiento para solicitar un permiso especial.<\/p>\n\n\n\n<p>Para iniciar los tr\u00e1mites de registro, licencia o permiso especial, los interesados pueden ponerse en contacto con el IDAC a trav\u00e9s del portal de transparencia y atenci\u00f3n ciudadana o al correo DTAC@idac.gov.do.<\/p>\n\n\n\n<p>En el Reglamento RAD-20 sobre sanciones administrativas, est\u00e1n previstas las penalizaciones que podr\u00edan generarse por el incumpliendo de las normas establecidas.<\/p>\n","protected":false},"excerpt":{"rendered":"<p>SANTO DOMINGO, R.D. Marzo Iro, 2023.- El Instituto Dominicano de Aviaci\u00f3n Civil (IDAC) record\u00f3 a los propietarios de drones que su operaci\u00f3n est\u00e1 regulada por esa entidad para asegurar su&hellip; <\/p>\n","protected":false},"author":2,"featured_media":26345,"comment_status":"closed","ping_status":"closed","sticky":false,"template":"","format":"standard","meta":{"fifu_image_url":"","fifu_image_alt":"","footnotes":""},"categories":[169],"tags":[],"class_list":["post-26344","post","type-post","status-publish","format-standard","has-post-thumbnail","hentry","category-transporte-internacional"],"_links":{"self":[{"href":"https:\/\/elmundodelosnegocios.com.do\/v1\/wp-json\/wp\/v2\/posts\/26344","targetHints":{"allow":["GET"]}}],"collection":[{"href":"https:\/\/elmundodelosnegocios.com.do\/v1\/wp-json\/wp\/v2\/posts"}],"about":[{"href":"https:\/\/elmundodelosnegocios.com.do\/v1\/wp-json\/wp\/v2\/types\/post"}],"author":[{"embeddable":true,"href":"https:\/\/elmundodelosnegocios.com.do\/v1\/wp-json\/wp\/v2\/users\/2"}],"replies":[{"embeddable":true,"href":"https:\/\/elmundodelosnegocios.com.do\/v1\/wp-json\/wp\/v2\/comments?post=26344"}],"version-history":[{"count":0,"href":"https:\/\/elmundodelosnegocios.com.do\/v1\/wp-json\/wp\/v2\/posts\/26344\/revisions"}],"wp:featuredmedia":[{"embeddable":true,"href":"https:\/\/elmundodelosnegocios.com.do\/v1\/wp-json\/wp\/v2\/media\/26345"}],"wp:attachment":[{"href":"https:\/\/elmundodelosnegocios.com.do\/v1\/wp-json\/wp\/v2\/media?parent=26344"}],"wp:term":[{"taxonomy":"category","embeddable":true,"href":"https:\/\/elmundodelosnegocios.com.do\/v1\/wp-json\/wp\/v2\/categories?post=26344"},{"taxonomy":"post_tag","embeddable":true,"href":"https:\/\/elmundodelosnegocios.com.do\/v1\/wp-json\/wp\/v2\/tags?post=26344"}],"curies":[{"name":"wp","href":"https:\/\/api.w.org\/{rel}","templated":true}]}}