{"id":26545,"date":"2023-03-09T09:16:10","date_gmt":"2023-03-09T13:46:10","guid":{"rendered":"https:\/\/elmundodelosnegocios.com.do\/v1\/?p=26545"},"modified":"2023-03-09T09:16:12","modified_gmt":"2023-03-09T13:46:12","slug":"ministerio-de-turismo-acuerda-con-la-aerolinea-condor-cubrir-rutas-de-air-france-en-verano","status":"publish","type":"post","link":"https:\/\/elmundodelosnegocios.com.do\/v1\/ministerio-de-turismo-acuerda-con-la-aerolinea-condor-cubrir-rutas-de-air-france-en-verano\/","title":{"rendered":"Ministerio de Turismo acuerda con la aerol\u00ednea C\u00f3ndor cubrir rutas de Air France en verano"},"content":{"rendered":"\n<p>Berl\u00edn, Alemania. &#8211;&nbsp;<strong>El Ministro de Turismo, David Collado<\/strong>, este mi\u00e9rcoles cerr\u00f3 con la&nbsp;<strong>aerol\u00ednea C\u00f3ndor&nbsp;<\/strong>acuerdos que garantizan una frecuencia de&nbsp;<strong>8 vuelos semanales en el verano y 10 durante el invierno,<\/strong>&nbsp;hacia Rep\u00fablica Dominicana.<\/p>\n\n\n\n<p>El convenio fue suscrito por&nbsp;<strong>el Ministro Collado y Bernd Bechtel<\/strong>, director de Relaciones Aeroportuarias de C\u00f3ndor, en el marco de la&nbsp;<strong>feria ITB-Berl\u00edn<\/strong>, que inici\u00f3 este martes y se extiende hasta ma\u00f1ana jueves.<\/p>\n\n\n\n<p>Dicho convenio incluye tambi\u00e9n la extensi\u00f3n por un a\u00f1o del acuerdo que mantienen el Ministerio de Turismo y C\u00f3ndor.<\/p>\n\n\n\n<p>Bechtel dijo que ese acuerdo es parte del compromiso que tiene C\u00f3ndor con Rep\u00fablica Dominicana.<\/p>\n\n\n\n<p>El Ministro Collado consider\u00f3 que la firma del acuerdo es de gran importancia para el pa\u00eds, ya que&nbsp;<strong>ayudar\u00e1 a comenzar a cubrir las rutas de Air France en el verano.<\/strong><\/p>\n\n\n\n<p><em>\u00abEsto es una muy buena noticia para el pa\u00eds, por lo que agradecemos este apoyo de C\u00f3ndor\u00bb<\/em>, manifest\u00f3 el Ministro Collado, tras firmar el acuerdo con la aerol\u00ednea alemana.<\/p>\n\n\n\n<p>Asimismo, el coordinador del Gabinete de Turismo inform\u00f3 que se realizan&nbsp;<strong>otras gestiones para garantizar m\u00e1s vuelos desde Europa en el verano.<\/strong><\/p>\n","protected":false},"excerpt":{"rendered":"<p>Berl\u00edn, Alemania. &#8211;&nbsp;El Ministro de Turismo, David Collado, este mi\u00e9rcoles cerr\u00f3 con la&nbsp;aerol\u00ednea C\u00f3ndor&nbsp;acuerdos que garantizan una frecuencia de&nbsp;8 vuelos semanales en el verano y 10 durante el invierno,&nbsp;hacia Rep\u00fablica&hellip; <\/p>\n","protected":false},"author":2,"featured_media":26546,"comment_status":"closed","ping_status":"closed","sticky":false,"template":"","format":"standard","meta":{"fifu_image_url":"","fifu_image_alt":"","footnotes":""},"categories":[169],"tags":[],"class_list":["post-26545","post","type-post","status-publish","format-standard","has-post-thumbnail","hentry","category-transporte-internacional"],"_links":{"self":[{"href":"https:\/\/elmundodelosnegocios.com.do\/v1\/wp-json\/wp\/v2\/posts\/26545","targetHints":{"allow":["GET"]}}],"collection":[{"href":"https:\/\/elmundodelosnegocios.com.do\/v1\/wp-json\/wp\/v2\/posts"}],"about":[{"href":"https:\/\/elmundodelosnegocios.com.do\/v1\/wp-json\/wp\/v2\/types\/post"}],"author":[{"embeddable":true,"href":"https:\/\/elmundodelosnegocios.com.do\/v1\/wp-json\/wp\/v2\/users\/2"}],"replies":[{"embeddable":true,"href":"https:\/\/elmundodelosnegocios.com.do\/v1\/wp-json\/wp\/v2\/comments?post=26545"}],"version-history":[{"count":0,"href":"https:\/\/elmundodelosnegocios.com.do\/v1\/wp-json\/wp\/v2\/posts\/26545\/revisions"}],"wp:featuredmedia":[{"embeddable":true,"href":"https:\/\/elmundodelosnegocios.com.do\/v1\/wp-json\/wp\/v2\/media\/26546"}],"wp:attachment":[{"href":"https:\/\/elmundodelosnegocios.com.do\/v1\/wp-json\/wp\/v2\/media?parent=26545"}],"wp:term":[{"taxonomy":"category","embeddable":true,"href":"https:\/\/elmundodelosnegocios.com.do\/v1\/wp-json\/wp\/v2\/categories?post=26545"},{"taxonomy":"post_tag","embeddable":true,"href":"https:\/\/elmundodelosnegocios.com.do\/v1\/wp-json\/wp\/v2\/tags?post=26545"}],"curies":[{"name":"wp","href":"https:\/\/api.w.org\/{rel}","templated":true}]}}