{"id":26578,"date":"2023-03-10T08:15:56","date_gmt":"2023-03-10T12:45:56","guid":{"rendered":"https:\/\/elmundodelosnegocios.com.do\/v1\/?p=26578"},"modified":"2023-03-10T08:15:58","modified_gmt":"2023-03-10T12:45:58","slug":"resalta-vocero-idac-iniciativas-presidente-abinader-impactaran-turismo-puerto-plata","status":"publish","type":"post","link":"https:\/\/elmundodelosnegocios.com.do\/v1\/resalta-vocero-idac-iniciativas-presidente-abinader-impactaran-turismo-puerto-plata\/","title":{"rendered":"Resalta Vocero IDAC iniciativas presidente Abinader impactar\u00e1n turismo Puerto Plata"},"content":{"rendered":"\n<p><strong>PUERTO PLATA<\/strong>, R.D. Marzo 10, 2023.-\u00a0Al participar en el Foro Empresarial de Puerto Plata, el periodista Luis Jos\u00e9 Ch\u00e1vez, afirm\u00f3 que la gesti\u00f3n del presidente Luis Abinader ha marcado un punto de inflexi\u00f3n en la historia del turismo dominicano, no solo por encabezar la recuperaci\u00f3n de la industria a nivel mundial despu\u00e9s de la pandemia, sino tambi\u00e9n por todas las medidas adoptadas para elevar la competitividad del sector.<\/p>\n\n\n\n<p>Explic\u00f3 que el proyecto de reforma a la ley 491-06, de aviaci\u00f3n civil, procura generar mejores condiciones de competitividad en el sector aeron\u00e1utico, estimular la creaci\u00f3n de nuevas l\u00edneas a\u00e9reas locales y contribuir a disminuir los precios de los boletos a\u00e9reos en beneficio del turismo y de los dominicanos que utilizan el transporte de aviaci\u00f3n, una vieja y permanente demanda, especialmente de los criollos residentes en el exterior.<\/p>\n\n\n\n<p>Ch\u00e1vez, quien es presidente del F\u00f3rum Iberoamericano de Periodistas de Turismo (FIPETUR) y director de comunicaci\u00f3n del IDAC, represent\u00f3 en el evento al director general interino de esta entidad, H\u00e9ctor Porcella, quien estuvo fuera del pa\u00eds por un compromiso de su agenda de trabajo.<\/p>\n\n\n\n<p>En cuanto al protocolo para regular los vuelos dom\u00e9sticos en el pa\u00eds, Ch\u00e1vez dijo que se trat\u00f3 de una iniciativa presidente Abinader en inter\u00e9s de crear las condiciones para que la Rep\u00fablica Dominicana pueda competir ventajosamente por el gran mercado del turismo de aviaci\u00f3n, que mueve anualmente entre 45 mil y 50 mil aviones en todo el Caribe.<\/p>\n\n\n\n<p>Indic\u00f3 que todas las instituciones del sector encabezadas por el Instituto Dominicano de Aviaci\u00f3n Civil (IDAC), la Junta de Aviaci\u00f3n Civil (JAC) y el Departamento Aeroportuario, han creado una mesa de trabajo para simplificar los procesos burocr\u00e1ticos que pr\u00e1cticamente hab\u00edan paralizado una actividad que atrae a miles de pilotos de diferentes partes del mundo, especialmente de Estados Unidos y Canad\u00e1.<\/p>\n\n\n\n<p>El director de comunicaci\u00f3n del IDAC sostuvo que ese rengl\u00f3n tur\u00edstico de alto consumo deber\u00e1 tener un impacto altamente positivo para Puerto Plata y la Costa Norte, en la medida en que avanzan las inversiones p\u00fablicas y privadas y se promueven estrategias para elevar la competitividad del destino.<\/p>\n\n\n\n<p>Asegur\u00f3 que el nuevo repunte del turismo de Puerto Plata avanza a pasos firmes con la construcci\u00f3n de la primera y segunda etapa de la terminal de cruceros Taino Bay, el lanzamiento del complejo tur\u00edstico de Punta Bergant\u00edn&nbsp;&nbsp; y la reconstrucci\u00f3n de una importante red de carreteras en la provincia, incluyendo la carretera tur\u00edstica Gregorio Luper\u00f3n que comunica a Puerto Plata con Santiago.<\/p>\n\n\n\n<p><strong>Sobre el Foro Empresarial de Puerto Plata&nbsp;<\/strong><\/p>\n\n\n\n<p>Puerto Plata fue escenario durante los d\u00edas 7 y 8 de marzo del Primer Foro Empresarial de la provincia, en el cual participaron m\u00e1s de 200 empresarios nacionales e internacionales, incluyendo delegaciones de Estados Unidos, Canad\u00e1, Puerto Rico y Corea.<\/p>\n\n\n\n<p>El foro empresarial, organizado por la C\u00e1mara de Comercio y Producci\u00f3n y la Corporaci\u00f3n de Zona Franca Industrial de Puerto Plata, tiene como objetivo impulsar la inversi\u00f3n en la regi\u00f3n y busca despertar el inter\u00e9s de nuevas inversiones en esa demarcaci\u00f3n que cuenta con una diversidad de opciones de negocios en diferentes \u00e1reas.<\/p>\n\n\n\n<p>Entre los representantes del gobierno nacional destacaron el ministro de la Presidencia, Joel Santos; el ministro administrativo de la Presidencia, Jos\u00e9 Ignacio Paliza; y el director ejecutivo de Alianzas P\u00fablico-Privadas, Sigmund Freund.<\/p>\n\n\n\n<p>Los trabajos del Foro Empresarial estuvieron a cargo de un amplio equipo multidisciplinario de la provincia coordinado por Mileyka Brugal, presidenta de la C\u00e1mara de Comercio y Producci\u00f3n de Puerto Plata.&nbsp;&nbsp;<\/p>\n","protected":false},"excerpt":{"rendered":"<p>PUERTO PLATA, R.D. Marzo 10, 2023.-\u00a0Al participar en el Foro Empresarial de Puerto Plata, el periodista Luis Jos\u00e9 Ch\u00e1vez, afirm\u00f3 que la gesti\u00f3n del presidente Luis Abinader ha marcado un&hellip; <\/p>\n","protected":false},"author":2,"featured_media":26579,"comment_status":"closed","ping_status":"closed","sticky":false,"template":"","format":"standard","meta":{"fifu_image_url":"","fifu_image_alt":"","footnotes":""},"categories":[169],"tags":[],"class_list":["post-26578","post","type-post","status-publish","format-standard","has-post-thumbnail","hentry","category-transporte-internacional"],"_links":{"self":[{"href":"https:\/\/elmundodelosnegocios.com.do\/v1\/wp-json\/wp\/v2\/posts\/26578","targetHints":{"allow":["GET"]}}],"collection":[{"href":"https:\/\/elmundodelosnegocios.com.do\/v1\/wp-json\/wp\/v2\/posts"}],"about":[{"href":"https:\/\/elmundodelosnegocios.com.do\/v1\/wp-json\/wp\/v2\/types\/post"}],"author":[{"embeddable":true,"href":"https:\/\/elmundodelosnegocios.com.do\/v1\/wp-json\/wp\/v2\/users\/2"}],"replies":[{"embeddable":true,"href":"https:\/\/elmundodelosnegocios.com.do\/v1\/wp-json\/wp\/v2\/comments?post=26578"}],"version-history":[{"count":0,"href":"https:\/\/elmundodelosnegocios.com.do\/v1\/wp-json\/wp\/v2\/posts\/26578\/revisions"}],"wp:featuredmedia":[{"embeddable":true,"href":"https:\/\/elmundodelosnegocios.com.do\/v1\/wp-json\/wp\/v2\/media\/26579"}],"wp:attachment":[{"href":"https:\/\/elmundodelosnegocios.com.do\/v1\/wp-json\/wp\/v2\/media?parent=26578"}],"wp:term":[{"taxonomy":"category","embeddable":true,"href":"https:\/\/elmundodelosnegocios.com.do\/v1\/wp-json\/wp\/v2\/categories?post=26578"},{"taxonomy":"post_tag","embeddable":true,"href":"https:\/\/elmundodelosnegocios.com.do\/v1\/wp-json\/wp\/v2\/tags?post=26578"}],"curies":[{"name":"wp","href":"https:\/\/api.w.org\/{rel}","templated":true}]}}