{"id":26645,"date":"2023-03-14T07:31:43","date_gmt":"2023-03-14T12:01:43","guid":{"rendered":"https:\/\/elmundodelosnegocios.com.do\/v1\/?p=26645"},"modified":"2023-03-14T07:31:45","modified_gmt":"2023-03-14T12:01:45","slug":"apoya-alpha-inversiones-exhibicion-arte-altos-de-chavon","status":"publish","type":"post","link":"https:\/\/elmundodelosnegocios.com.do\/v1\/apoya-alpha-inversiones-exhibicion-arte-altos-de-chavon\/","title":{"rendered":"Apoya Alpha Inversiones exhibici\u00f3n arte Altos de Chav\u00f3n"},"content":{"rendered":"\n<p><strong>La Romana<\/strong>, R.D. Marzo 14, 2023.- Con el objetivo de promover el arte y la cultura en Rep\u00fablica Dominicana, Alpha Inversiones forma parte de los patrocinadores de la exhibici\u00f3n de arte \u201cRegresar Al Boh\u00edo\u201d, donde se expondr\u00e1n piezas de los artistas dominicanos Vanessa Languasco y Sim\u00f3n De Los Santos.<\/p>\n\n\n\n<figure class=\"wp-block-image size-large\"><img loading=\"lazy\" decoding=\"async\" width=\"1024\" height=\"683\" src=\"https:\/\/elmundodelosnegocios.com.do\/v1\/wp-content\/uploads\/2023\/03\/2-1-10-1024x683.jpg\" alt=\"\" class=\"wp-image-26646\" srcset=\"https:\/\/elmundodelosnegocios.com.do\/v1\/wp-content\/uploads\/2023\/03\/2-1-10-1024x683.jpg 1024w, https:\/\/elmundodelosnegocios.com.do\/v1\/wp-content\/uploads\/2023\/03\/2-1-10-300x200.jpg 300w, https:\/\/elmundodelosnegocios.com.do\/v1\/wp-content\/uploads\/2023\/03\/2-1-10-768x512.jpg 768w, https:\/\/elmundodelosnegocios.com.do\/v1\/wp-content\/uploads\/2023\/03\/2-1-10.jpg 1080w\" sizes=\"auto, (max-width: 1024px) 100vw, 1024px\" \/><\/figure>\n\n\n\n<p>\u201cRegresar al Boh\u00edo\u201d re\u00fane piezas que muestran las posibilidades de establecer lazos fuertes entre los entornos rurales y urbanos, volviendo a nuestros or\u00edgenes con el hogar original de nuestros ancestros: el boh\u00edo. En esta exhibici\u00f3n, se propone el aprovechamiento de materiales naturales en la realizaci\u00f3n de piezas, impulsando experiencias sensoriales, fomentando rituales de uso y mejorando el bienestar.<\/p>\n\n\n\n<figure class=\"wp-block-image size-large\"><img loading=\"lazy\" decoding=\"async\" width=\"1024\" height=\"705\" src=\"https:\/\/elmundodelosnegocios.com.do\/v1\/wp-content\/uploads\/2023\/03\/2-2-4-1024x705.jpg\" alt=\"\" class=\"wp-image-26647\" srcset=\"https:\/\/elmundodelosnegocios.com.do\/v1\/wp-content\/uploads\/2023\/03\/2-2-4-1024x705.jpg 1024w, https:\/\/elmundodelosnegocios.com.do\/v1\/wp-content\/uploads\/2023\/03\/2-2-4-300x207.jpg 300w, https:\/\/elmundodelosnegocios.com.do\/v1\/wp-content\/uploads\/2023\/03\/2-2-4-768x529.jpg 768w, https:\/\/elmundodelosnegocios.com.do\/v1\/wp-content\/uploads\/2023\/03\/2-2-4.jpg 1080w\" sizes=\"auto, (max-width: 1024px) 100vw, 1024px\" \/><\/figure>\n\n\n\n<p>Juan Manuel Barranco, vicepresidente de finanzas de Alpha Inversiones, afirm\u00f3 que: \u201cNos place apoyar una exposici\u00f3n que re\u00fane lo mejor de dos de nuestras realidades. Los valores de estos dos artistas y de la comunidad que se ha involucrado en la experiencia nos permiten ofrecer una visi\u00f3n mucho m\u00e1s amplia de la riqueza cultural y art\u00edstica que poseemos como pa\u00eds\u201d.<\/p>\n\n\n\n<figure class=\"wp-block-image size-large\"><img loading=\"lazy\" decoding=\"async\" width=\"1024\" height=\"683\" src=\"https:\/\/elmundodelosnegocios.com.do\/v1\/wp-content\/uploads\/2023\/03\/2-3-2-1024x683.jpg\" alt=\"\" class=\"wp-image-26648\" srcset=\"https:\/\/elmundodelosnegocios.com.do\/v1\/wp-content\/uploads\/2023\/03\/2-3-2-1024x683.jpg 1024w, https:\/\/elmundodelosnegocios.com.do\/v1\/wp-content\/uploads\/2023\/03\/2-3-2-300x200.jpg 300w, https:\/\/elmundodelosnegocios.com.do\/v1\/wp-content\/uploads\/2023\/03\/2-3-2-768x512.jpg 768w, https:\/\/elmundodelosnegocios.com.do\/v1\/wp-content\/uploads\/2023\/03\/2-3-2.jpg 1080w\" sizes=\"auto, (max-width: 1024px) 100vw, 1024px\" \/><\/figure>\n\n\n\n<p>Barranco agreg\u00f3 que: \u201cBuscamos impulsar la econom\u00eda naranja a trav\u00e9s del fomento de acciones que promuevan las iniciativas creativas, capaces de expresar nuevas formas de interpretar el mundo y de transformar la creatividad en productos accesibles para todas las poblaciones\u201d.<\/p>\n\n\n\n<p>La exhibici\u00f3n \u201cRegresar al Boh\u00edo\u201d est\u00e1 disponible para todo el p\u00fablico en Wao Galer\u00eda, Altos de Chav\u00f3n, La Romana, hasta el 24 de abril de 2023, en horarios de mi\u00e9rcoles a s\u00e1bado de 9:00am a 9:00pm y de domingo a martes de 9:00am a 5:00pm. Los asistentes a la exhibici\u00f3n disfrutar\u00e1n de las piezas que los experimentados artistas Sim\u00f3n De Los Santos y Vanessa Languasco han preparado.<\/p>\n\n\n\n<p>Cabe destacar que De Los Santos cuenta con m\u00e1s de 10 a\u00f1os de pr\u00e1ctica art\u00edstica profesional ininterrumpida con proyectos curatoriales, que han trascendido fronteras. Actualmente se desempe\u00f1a como curador de arte del Centro Le\u00f3n. Mientras que Languasco es publicista, grafista y artesana. Colabora con la plataforma digital de arte ViartRD, donde se difunde el trabajo de artistas dominicanos locales y de la di\u00e1spora. Ambos artistas gestionan la tienda de artesan\u00eda local: Bijacabuya, donde hacen curadur\u00eda e intervenci\u00f3n de dise\u00f1o de arte con materia prima local.<\/p>\n\n\n\n<p>El patrocinio de Alpha Inversiones forma parte de las iniciativas impulsadas por la empresa para promover las industrias creativas en la Rep\u00fablica Dominicana. \u201cUna de nuestras mejores inversiones es el talento y la mirada diversa de los artistas en el pa\u00eds. Por eso, hemos estado impulsando diversas acciones de promoci\u00f3n de las artes\u201d, dijo Barranco.<\/p>\n\n\n\n<p>En sinton\u00eda con estas acciones, Alpha Inversiones lider\u00f3 en 2022 la iniciativa \u201cOportunidades Que Transforman\u201d, con la que se promovieron los emprendimientos de bienes culturales creados por artistas emergentes. A trav\u00e9s de esta acci\u00f3n, los creadores beneficiados recibieron asesor\u00eda y capital para convertir sus creaciones en productos comercialmente viables.<\/p>\n\n\n\n<p>Sobre Alpha Inversiones<\/p>\n\n\n\n<p>Alpha Inversiones es el puesto de bolsa m\u00e1s din\u00e1mico del pa\u00eds y un referente destacado en el mercado de valores de la Rep\u00fablica Dominicana. Con m\u00e1s de 10 a\u00f1os de trayectoria, cuenta con una s\u00f3lida reputaci\u00f3n en la gesti\u00f3n de capitales en el pa\u00eds.<\/p>\n","protected":false},"excerpt":{"rendered":"<p>La Romana, R.D. Marzo 14, 2023.- Con el objetivo de promover el arte y la cultura en Rep\u00fablica Dominicana, Alpha Inversiones forma parte de los patrocinadores de la exhibici\u00f3n de&hellip; <\/p>\n","protected":false},"author":2,"featured_media":26646,"comment_status":"closed","ping_status":"closed","sticky":false,"template":"","format":"standard","meta":{"fifu_image_url":"","fifu_image_alt":"","footnotes":""},"categories":[179],"tags":[],"class_list":["post-26645","post","type-post","status-publish","format-standard","has-post-thumbnail","hentry","category-arte"],"_links":{"self":[{"href":"https:\/\/elmundodelosnegocios.com.do\/v1\/wp-json\/wp\/v2\/posts\/26645","targetHints":{"allow":["GET"]}}],"collection":[{"href":"https:\/\/elmundodelosnegocios.com.do\/v1\/wp-json\/wp\/v2\/posts"}],"about":[{"href":"https:\/\/elmundodelosnegocios.com.do\/v1\/wp-json\/wp\/v2\/types\/post"}],"author":[{"embeddable":true,"href":"https:\/\/elmundodelosnegocios.com.do\/v1\/wp-json\/wp\/v2\/users\/2"}],"replies":[{"embeddable":true,"href":"https:\/\/elmundodelosnegocios.com.do\/v1\/wp-json\/wp\/v2\/comments?post=26645"}],"version-history":[{"count":0,"href":"https:\/\/elmundodelosnegocios.com.do\/v1\/wp-json\/wp\/v2\/posts\/26645\/revisions"}],"wp:featuredmedia":[{"embeddable":true,"href":"https:\/\/elmundodelosnegocios.com.do\/v1\/wp-json\/wp\/v2\/media\/26646"}],"wp:attachment":[{"href":"https:\/\/elmundodelosnegocios.com.do\/v1\/wp-json\/wp\/v2\/media?parent=26645"}],"wp:term":[{"taxonomy":"category","embeddable":true,"href":"https:\/\/elmundodelosnegocios.com.do\/v1\/wp-json\/wp\/v2\/categories?post=26645"},{"taxonomy":"post_tag","embeddable":true,"href":"https:\/\/elmundodelosnegocios.com.do\/v1\/wp-json\/wp\/v2\/tags?post=26645"}],"curies":[{"name":"wp","href":"https:\/\/api.w.org\/{rel}","templated":true}]}}