{"id":26783,"date":"2023-03-21T08:06:41","date_gmt":"2023-03-21T12:36:41","guid":{"rendered":"https:\/\/elmundodelosnegocios.com.do\/v1\/?p=26783"},"modified":"2023-03-21T08:06:43","modified_gmt":"2023-03-21T12:36:43","slug":"republica-dominicana-presenta-oferta-de-productos-exportables-en-la-feria-agriteq-2023-en-qatar","status":"publish","type":"post","link":"https:\/\/elmundodelosnegocios.com.do\/v1\/republica-dominicana-presenta-oferta-de-productos-exportables-en-la-feria-agriteq-2023-en-qatar\/","title":{"rendered":"Rep\u00fablica Dominicana presenta oferta de productos exportables en la feria Agriteq 2023 en Qatar"},"content":{"rendered":"\n<p>Doha, Qatar.- En el marco de la celebraci\u00f3n de la&nbsp;<strong>Semana Dominicana en el estado de Qatar,&nbsp;<\/strong>una delegaci\u00f3n del Centro de Exportaci\u00f3n e Inversi\u00f3n de la Rep\u00fablica Dominicana&nbsp;<strong>(ProDominicana)<\/strong>&nbsp;particip\u00f3 en la&nbsp;<strong>Exposici\u00f3n Agr\u00edcola Internacional de Qatar AgriteQ<\/strong>, con el prop\u00f3sito de que los sectores de la agricultura dominicana intercambien&nbsp;<strong>conocimientos<\/strong>&nbsp;y aprovechen las&nbsp;<strong>oportunidades comerciales<\/strong>&nbsp;en este vital sector.<\/p>\n\n\n\n<p>En ese sentido, el embajador de la Rep\u00fablica Dominicana en Qatar<strong>, Georges Bahsa Hazim<\/strong>, inaugur\u00f3 junto al gerente de Exportaciones de ProDominicana,&nbsp;<strong>Segismundo Morey,<\/strong>&nbsp;y otros representantes, el&nbsp;<strong>Pabell\u00f3n de Rep\u00fablica Dominicana<\/strong>&nbsp;en la d\u00e9cima edici\u00f3n de AgriteQ (Qatar International Agricultural &amp; Environmental Exhibition 2023).&nbsp;<\/p>\n\n\n\n<p><strong>Biviana Riveiro, directora ejecutiva de ProDominicana,<\/strong>&nbsp;inform\u00f3 que el evento brind\u00f3 una oportunidad para que los productores del sector agropecuario dominicano reciban las<strong>&nbsp;actualizaciones tecnol\u00f3gicas agr\u00edcolas del mercado<\/strong>, adem\u00e1s el conocimiento de&nbsp;<strong>nuevos equipos y productos relacionados.<\/strong><\/p>\n\n\n\n<p><em>\u201cEste encuentro resulta ser clave para que nuestros productos y empresas se re\u00fanan con los tomadores de decisiones y adem\u00e1s les sirvi\u00f3 para obtener informaci\u00f3n valiosa, descubrir pr\u00e1cticas y al mismo tiempo aprender sobre la innovaci\u00f3n en t\u00e9cnicas agr\u00edcolas para lograr la seguridad alimentaria y el desarrollo sostenible de este sector en Rep\u00fablica Dominicana\u201d<\/em>, indic\u00f3 Riveiro.<\/p>\n\n\n\n<p>La delegaci\u00f3n destac\u00f3 que las oportunidades de exportaci\u00f3n hacia el mercado de Qatar se centran en el sector agr\u00edcola con la&nbsp;<strong>exportaci\u00f3n de pl\u00e1tanos, aguacate y mangos<\/strong>. Adem\u00e1s, detall\u00f3 que los&nbsp;<strong>sectores agroindustrial e industrial<\/strong>&nbsp;tambi\u00e9n ofrecen oportunidades para exportar a dicho mercado.<\/p>\n\n\n\n<p>El evento cont\u00f3 con la participaci\u00f3n de empresarios de distintos sectores, ejecutivos, profesionales, acad\u00e9micos y autoridades gubernamentales que llevan a cabo una interesante agenda de reuniones privadas de alto nivel, as\u00ed como eventos donde se dan cita representantes diplom\u00e1ticos, funcionarios, empresarios locales y miembros de la comunidad dominicana en Qatar.<\/p>\n\n\n\n<p>Cabe destacar que, durante la ruta de la Semana Dominicana en Qatar, se realizaron&nbsp;<strong>visitas estrat\u00e9gicas a los principales compradores y distribuidores de Qatar<\/strong>&nbsp;como las instalaciones de Abu Khalifa, el centro de distribuci\u00f3n m\u00e1s grande de la regi\u00f3n. Tambi\u00e9n visitaron la planta de Baladna, f\u00e1brica m\u00e1s importante de productos l\u00e1cteos y jugos para toda la regi\u00f3n. Asimismo, Segismundo Morey, representante de ProDominicana, present\u00f3 la oferta exportable de la Rep\u00fablica Dominicana y sus&nbsp;<strong>virtudes como principal destino de inversi\u00f3n del Caribe y Latinoam\u00e9rica.<\/strong><\/p>\n\n\n\n<p>Las empresas dominicanas que estuvieron presentes en la feria fueron: Landfruits SRL, Frutas Conenergias SRL, Casa DR, Grupo Bocel, INDUBAN, La Famosa, Caribbean Liquid Sugar, Macoco, Color Caf\u00e9, Maracuya Reposter\u00eda Artesanal, Heritage, Choco Organic, P&amp;P y Tropical Mix, KIKABONE. As\u00ed mismo, los compradores del Medio Oriente tuvieron la oportunidad de encontrar, en el pabell\u00f3n dominicano, pi\u00f1as, mangos, melones, pitajaya, aj\u00edes, limones, caf\u00e9, chocolates, y el cigarro dominicano, entre otros productos.<\/p>\n\n\n\n<p>De acuerdo con la&nbsp;<strong>Autoridad de Planificaci\u00f3n de Estad\u00edsticas de Qata<\/strong>r, el intercambio comercial de Qatar y la Rep\u00fablica Dominicana para el per\u00edodo 2015-2022 fue de&nbsp;<strong>USD 42.2 millones<\/strong>&nbsp;y de estos el&nbsp;<strong>96 %<\/strong>&nbsp;corresponde a las exportaciones de productos hacia la referida naci\u00f3n.<\/p>\n\n\n\n<p>En ese sentido, entre los productos exportados hacia Qatar est\u00e1n: los instrumentos electr\u00f3nicos, con el 51 %; instrumentos m\u00e9dicos, 24.3%, y productos farmac\u00e9uticos, 4% de participaci\u00f3n, entre otros.<\/p>\n","protected":false},"excerpt":{"rendered":"<p>Doha, Qatar.- En el marco de la celebraci\u00f3n de la&nbsp;Semana Dominicana en el estado de Qatar,&nbsp;una delegaci\u00f3n del Centro de Exportaci\u00f3n e Inversi\u00f3n de la Rep\u00fablica Dominicana&nbsp;(ProDominicana)&nbsp;particip\u00f3 en la&nbsp;Exposici\u00f3n Agr\u00edcola&hellip; <\/p>\n","protected":false},"author":2,"featured_media":26784,"comment_status":"closed","ping_status":"closed","sticky":false,"template":"","format":"standard","meta":{"fifu_image_url":"","fifu_image_alt":"","footnotes":""},"categories":[74],"tags":[],"class_list":["post-26783","post","type-post","status-publish","format-standard","has-post-thumbnail","hentry","category-comercio-internacional"],"_links":{"self":[{"href":"https:\/\/elmundodelosnegocios.com.do\/v1\/wp-json\/wp\/v2\/posts\/26783","targetHints":{"allow":["GET"]}}],"collection":[{"href":"https:\/\/elmundodelosnegocios.com.do\/v1\/wp-json\/wp\/v2\/posts"}],"about":[{"href":"https:\/\/elmundodelosnegocios.com.do\/v1\/wp-json\/wp\/v2\/types\/post"}],"author":[{"embeddable":true,"href":"https:\/\/elmundodelosnegocios.com.do\/v1\/wp-json\/wp\/v2\/users\/2"}],"replies":[{"embeddable":true,"href":"https:\/\/elmundodelosnegocios.com.do\/v1\/wp-json\/wp\/v2\/comments?post=26783"}],"version-history":[{"count":0,"href":"https:\/\/elmundodelosnegocios.com.do\/v1\/wp-json\/wp\/v2\/posts\/26783\/revisions"}],"wp:featuredmedia":[{"embeddable":true,"href":"https:\/\/elmundodelosnegocios.com.do\/v1\/wp-json\/wp\/v2\/media\/26784"}],"wp:attachment":[{"href":"https:\/\/elmundodelosnegocios.com.do\/v1\/wp-json\/wp\/v2\/media?parent=26783"}],"wp:term":[{"taxonomy":"category","embeddable":true,"href":"https:\/\/elmundodelosnegocios.com.do\/v1\/wp-json\/wp\/v2\/categories?post=26783"},{"taxonomy":"post_tag","embeddable":true,"href":"https:\/\/elmundodelosnegocios.com.do\/v1\/wp-json\/wp\/v2\/tags?post=26783"}],"curies":[{"name":"wp","href":"https:\/\/api.w.org\/{rel}","templated":true}]}}