{"id":26830,"date":"2023-03-23T13:00:35","date_gmt":"2023-03-23T17:30:35","guid":{"rendered":"http:\/\/elmundodelosnegocios.com.do\/v1\/?p=26830"},"modified":"2023-03-23T13:00:37","modified_gmt":"2023-03-23T17:30:37","slug":"lanzan-licitacion-rd1098-millones-fortalecer-sistema-publico-salud","status":"publish","type":"post","link":"https:\/\/elmundodelosnegocios.com.do\/v1\/lanzan-licitacion-rd1098-millones-fortalecer-sistema-publico-salud\/","title":{"rendered":"Lanzan licitaci\u00f3n RD$1,098 millones fortalecer Sistema P\u00fablico Salud"},"content":{"rendered":"\n<p>SANTO DOMINGO, R.D. Marzo 23, 2023.- El Programa de Medicamentos Esenciales y Central de Apoyo Log\u00edstico (PROMESE\/CAL), lanz\u00f3 una licitaci\u00f3n p\u00fablica nacional,&nbsp;&nbsp;para adquirir medicamentos e insumos m\u00e9dicos sanitarios que reforzar\u00e1n el Sistema P\u00fablico Nacional de Salud, durante el per\u00edodo agosto-diciembre de 2023, por un monto de&nbsp;1,098,585,524.70.&nbsp;<\/p>\n\n\n\n<p>A trav\u00e9s del proceso, referencia PROMESE\/CAL-CCC-LPN-2023-0002, se est\u00e1n licitando 362 renglones, entre los que se encuentran vitaminas,&nbsp;anticonvulsivos,&nbsp;&nbsp;neurol\u00e9pticos, &nbsp;antipsic\u00f3ticos,&nbsp;benzodiacepinas,&nbsp;antiinflamatorios, antihistam\u00ednicos y antihelm\u00ednticos.&nbsp;<\/p>\n\n\n\n<p>Tambi\u00e9n antidiab\u00e9ticos, &nbsp;antimicrobianos, inhibidores,&nbsp;anticonvulsivos,&nbsp;<em>eritropoyetina, insulina,&nbsp;<\/em>agujas raqu\u00eddeas, bajantes de suero, c\u00e1nulas, cat\u00e9teres, jeringas, entre otros.&nbsp;<\/p>\n\n\n\n<p>El director general de PROMESE\/CAL, Adolfo P\u00e9rez, explic\u00f3 que con este proceso se busca reforzar los niveles de inventario de los hospitales p\u00fablicos, y los Centros de Primer Nivel de Salud a nivel nacional.&nbsp;<\/p>\n\n\n\n<p>P\u00e9rez, afirm\u00f3 que la compra ser\u00e1 posible gracias al incremento en el presupuesto de la entidad, que dispuso el presidente Abinader, este a\u00f1o; el pasado mes de enero. &nbsp;<\/p>\n\n\n\n<p>Igualmente, asegur\u00f3 que el proceso se llevar\u00e1 a cabo bajo estricto cumplimiento de la Ley de Compras y Contrataciones P\u00fablicas 340-06.&nbsp;<\/p>\n\n\n\n<p>El proceso de recepci\u00f3n de las propuestas se llevar\u00e1n a cabo&nbsp;los d\u00edas mi\u00e9rcoles diez (10) y jueves once (11) del mes de mayo,&nbsp;en horario de 8:30 de la ma\u00f1ana hasta las 2:00 de la tarde, en la sede de PROMESE\/CAL de Santo Domingo Norte.&nbsp;Los interesados&nbsp;en retirar el Pliego de Condiciones Espec\u00edficas de la licitaci\u00f3n, pueden descargarlo de la p\u00e1gina web de la instituci\u00f3n:&nbsp;<a href=\"http:\/\/www.promesecal.gob.do\/\" target=\"_blank\" rel=\"noreferrer noopener\">www.promesecal.gob.do<\/a>&nbsp;o del portal de la DGCP:&nbsp;<a href=\"http:\/\/www.comprasdominicana.gov.do\/\" target=\"_blank\" rel=\"noreferrer noopener\">www.comprasdominicana.gov.do<\/a>,&nbsp;a los fines de la elaboraci\u00f3n de sus propuestas. &nbsp;<\/p>\n","protected":false},"excerpt":{"rendered":"<p>SANTO DOMINGO, R.D. Marzo 23, 2023.- El Programa de Medicamentos Esenciales y Central de Apoyo Log\u00edstico (PROMESE\/CAL), lanz\u00f3 una licitaci\u00f3n p\u00fablica nacional,&nbsp;&nbsp;para adquirir medicamentos e insumos m\u00e9dicos sanitarios que reforzar\u00e1n&hellip; <\/p>\n","protected":false},"author":2,"featured_media":26831,"comment_status":"closed","ping_status":"closed","sticky":false,"template":"","format":"standard","meta":{"fifu_image_url":"","fifu_image_alt":"","footnotes":""},"categories":[80],"tags":[],"class_list":["post-26830","post","type-post","status-publish","format-standard","has-post-thumbnail","hentry","category-salud"],"_links":{"self":[{"href":"https:\/\/elmundodelosnegocios.com.do\/v1\/wp-json\/wp\/v2\/posts\/26830","targetHints":{"allow":["GET"]}}],"collection":[{"href":"https:\/\/elmundodelosnegocios.com.do\/v1\/wp-json\/wp\/v2\/posts"}],"about":[{"href":"https:\/\/elmundodelosnegocios.com.do\/v1\/wp-json\/wp\/v2\/types\/post"}],"author":[{"embeddable":true,"href":"https:\/\/elmundodelosnegocios.com.do\/v1\/wp-json\/wp\/v2\/users\/2"}],"replies":[{"embeddable":true,"href":"https:\/\/elmundodelosnegocios.com.do\/v1\/wp-json\/wp\/v2\/comments?post=26830"}],"version-history":[{"count":0,"href":"https:\/\/elmundodelosnegocios.com.do\/v1\/wp-json\/wp\/v2\/posts\/26830\/revisions"}],"wp:featuredmedia":[{"embeddable":true,"href":"https:\/\/elmundodelosnegocios.com.do\/v1\/wp-json\/wp\/v2\/media\/26831"}],"wp:attachment":[{"href":"https:\/\/elmundodelosnegocios.com.do\/v1\/wp-json\/wp\/v2\/media?parent=26830"}],"wp:term":[{"taxonomy":"category","embeddable":true,"href":"https:\/\/elmundodelosnegocios.com.do\/v1\/wp-json\/wp\/v2\/categories?post=26830"},{"taxonomy":"post_tag","embeddable":true,"href":"https:\/\/elmundodelosnegocios.com.do\/v1\/wp-json\/wp\/v2\/tags?post=26830"}],"curies":[{"name":"wp","href":"https:\/\/api.w.org\/{rel}","templated":true}]}}