{"id":26837,"date":"2023-03-23T13:48:22","date_gmt":"2023-03-23T18:18:22","guid":{"rendered":"https:\/\/elmundodelosnegocios.com.do\/v1\/?p=26837"},"modified":"2023-03-23T13:48:24","modified_gmt":"2023-03-23T18:18:24","slug":"preocupa-cadoar-incremento-precios-en-seguros-propiedades","status":"publish","type":"post","link":"https:\/\/elmundodelosnegocios.com.do\/v1\/preocupa-cadoar-incremento-precios-en-seguros-propiedades\/","title":{"rendered":"Preocupa CADOAR incremento precios en seguros propiedades"},"content":{"rendered":"\n<p><strong>Santo Domingo, R.D.&nbsp;<\/strong>Jueves 23 de marzo de 2023.<strong>&#8211;<\/strong>&nbsp;El presidente de la C\u00e1mara Dominicana de Aseguradores y Reaseguradores (CADOAR), James Garc\u00eda Torres, advirti\u00f3 este jueves que los costes de seguros del pa\u00eds han sido severamente impactados por el \u00e9xodo de capital de reaseguro por unos 115 mil millones de d\u00f3lares.<\/p>\n\n\n<div class=\"wp-block-image\">\n<figure class=\"aligncenter size-large\"><img loading=\"lazy\" decoding=\"async\" width=\"1024\" height=\"683\" src=\"https:\/\/elmundodelosnegocios.com.do\/v1\/wp-content\/uploads\/2023\/03\/01-8-1024x683.jpg\" alt=\"\" class=\"wp-image-26838\" srcset=\"https:\/\/elmundodelosnegocios.com.do\/v1\/wp-content\/uploads\/2023\/03\/01-8-1024x683.jpg 1024w, https:\/\/elmundodelosnegocios.com.do\/v1\/wp-content\/uploads\/2023\/03\/01-8-300x200.jpg 300w, https:\/\/elmundodelosnegocios.com.do\/v1\/wp-content\/uploads\/2023\/03\/01-8-768x512.jpg 768w, https:\/\/elmundodelosnegocios.com.do\/v1\/wp-content\/uploads\/2023\/03\/01-8-1536x1024.jpg 1536w, https:\/\/elmundodelosnegocios.com.do\/v1\/wp-content\/uploads\/2023\/03\/01-8-2048x1365.jpg 2048w\" sizes=\"auto, (max-width: 1024px) 100vw, 1024px\" \/><figcaption class=\"wp-element-caption\">Alejandro Fern\u00e1ndez, James Garc\u00eda y Jos\u00e9 Mall\u00e9n<\/figcaption><\/figure>\n<\/div>\n\n\n<p>El dirigente empresarial lo atribuy\u00f3 a las frecuentes e intensas p\u00e9rdidas catastr\u00f3ficas ocurridas a nivel global, al impacto de la inflaci\u00f3n y a la pol\u00edtica monetaria de las econom\u00edas mundiales, al intervenir en la apertura del congreso \u201cTendencias de Reaseguros. Expectativas para la Rep\u00fablica Dominicana y el Caribe\u201d, organizado por CADOAR, en el Hotel Real Intercontinental.<\/p>\n\n\n<div class=\"wp-block-image\">\n<figure class=\"aligncenter size-large\"><img loading=\"lazy\" decoding=\"async\" width=\"1024\" height=\"683\" src=\"https:\/\/elmundodelosnegocios.com.do\/v1\/wp-content\/uploads\/2023\/03\/02-4-1024x683.jpg\" alt=\"\" class=\"wp-image-26839\" srcset=\"https:\/\/elmundodelosnegocios.com.do\/v1\/wp-content\/uploads\/2023\/03\/02-4-1024x683.jpg 1024w, https:\/\/elmundodelosnegocios.com.do\/v1\/wp-content\/uploads\/2023\/03\/02-4-300x200.jpg 300w, https:\/\/elmundodelosnegocios.com.do\/v1\/wp-content\/uploads\/2023\/03\/02-4-768x512.jpg 768w, https:\/\/elmundodelosnegocios.com.do\/v1\/wp-content\/uploads\/2023\/03\/02-4-1536x1024.jpg 1536w, https:\/\/elmundodelosnegocios.com.do\/v1\/wp-content\/uploads\/2023\/03\/02-4-2048x1365.jpg 2048w\" sizes=\"auto, (max-width: 1024px) 100vw, 1024px\" \/><figcaption class=\"wp-element-caption\">Algunos de los directivos de CADOAR y expositores<\/figcaption><\/figure>\n<\/div>\n\n\n<p>Garc\u00eda Torres manifest\u00f3 que \u201cpara entender a cabalidad estas y las dem\u00e1s causas que est\u00e1n generando la situaci\u00f3n actual de mercado, CADOAR agot\u00f3 durante todo el d\u00eda este evento formativo, en el que expertos locales e internacionales tocaron a profundidad, no s\u00f3lo las razones que motivan los citados incrementos, sino tambi\u00e9n las posibles soluciones y alternativas.<\/p>\n\n\n<div class=\"wp-block-image\">\n<figure class=\"aligncenter size-full\"><img loading=\"lazy\" decoding=\"async\" width=\"1000\" height=\"667\" src=\"http:\/\/elmundodelosnegocios.com.do\/v1\/wp-content\/uploads\/2023\/03\/03-2.jpg\" alt=\"\" class=\"wp-image-26840\" srcset=\"https:\/\/elmundodelosnegocios.com.do\/v1\/wp-content\/uploads\/2023\/03\/03-2.jpg 1000w, https:\/\/elmundodelosnegocios.com.do\/v1\/wp-content\/uploads\/2023\/03\/03-2-300x200.jpg 300w, https:\/\/elmundodelosnegocios.com.do\/v1\/wp-content\/uploads\/2023\/03\/03-2-768x512.jpg 768w\" sizes=\"auto, (max-width: 1000px) 100vw, 1000px\" \/><figcaption class=\"wp-element-caption\">James Garc\u00eda, presidente de CADOAR<\/figcaption><\/figure>\n<\/div>\n\n\n<p>Al acto de inicio asistieron Alejandro Fern\u00e1ndez, superintendente de Bancos; Francisco Campos \u00c1lvarez, Intendente de Seguros y los presidentes Rosanna Ruiz, de la Asociaci\u00f3n de Bancos Comerciales (ABA); Jos\u00e9 Manuel Vargas, de la Asociaci\u00f3n Dominicana de Administradoras de Riesgos de Salud (ADARS); Zaide Alba Cavagliano, de ADOCOSE, y miembros de la junta directiva de CADOAR, reaseguradores internacionales, intermediarios de seguros y directivos de las principales aseguradoras, ajustadores, entre otros.<\/p>\n\n\n\n<p><strong>Los temas, expositores y panelistas<\/strong><\/p>\n\n\n\n<p>\u00abImpacto del comportamiento de la econom\u00eda sobre el seguro\u00bb fue el tema del primer panel el cual tuvo como expositor central a Jos\u00e9 Luis de Ram\u00f3n, como panelistas Jos\u00e9 Mallen y Juan Garrig\u00f3, bajo la moderaci\u00f3n de Linda S\u00e1nchez.<\/p>\n\n\n\n<p>Mientras Ralf Paul, de la firma reaseguradora alemana Munich, expuso sobre \u201cTendencias globales en contratos reaseguros y sus impactos en los mercados\u00bb, moderado por Carolina Pichardo y tuvo como panelistas a Eduardo Mallen y Robert Fern\u00e1ndez.<\/p>\n\n\n\n<p>El representante de la reaseguradora suiza Swiss Re, Xabier Gallardo, disert\u00f3 sobre \u201cDesaf\u00edos del mercado de reaseguros facultativos en Rep\u00fablica Dominicana\u201d, moderado por Nina D`Agostini y cont\u00f3 con un panel integrado por V\u00edctor Rojas y Richard Ros.<\/p>\n\n\n\n<p>El congreso continu\u00f3 con el tema \u201cRenovaciones 1\/1. Perspectivas de un nuevo equilibrio\u201d desarrollado por Ram\u00f3n S\u00e1nchez, del corredor de reaseguros Guy Carpenter de Miami, cont\u00f3 con la moderaci\u00f3n de Wilfredo Baquero y sus panelistas fueron Christian Cartagena y Mar\u00eda E. Torrealba.<\/p>\n\n\n\n<p>La jornada de la tarde inici\u00f3 con la disertaci\u00f3n del ejecutivo de la reaseguradora dominicana Reasanto, Jairo Zambrano, con el t\u00edtulo \u201cModelaci\u00f3n Catastr\u00f3fica &#8211; Hurac\u00e1n y Terremoto\u201d, moderado por Nicole Concepci\u00f3n, con los panelistas Alejandro Pimentel y Jos\u00e9 Miranda.<\/p>\n\n\n\n<p>Los paneles del congreso finalizan con la exposici\u00f3n \u201cComportamiento capacidades facultativas en ramos t\u00e9cnicos\u201d, a cargo de John Giralt, ejecutivo de la reaseguradora suiza Helvetia, moderador H\u00e9ctor S\u00e1nchez, con los panelistas Gina Jim\u00e9nez y Ra\u00fal Alba.<\/p>\n\n\n\n<p><strong>Sobre CADOAR<\/strong><\/p>\n\n\n\n<p>Fue fundada el 27 de enero de 1972, con el objetivo de agrupar a los aseguradores y reaseguradores, crear nexos afectivos de solidaridad profesional y desarrollo del seguro privado. Asimismo, asesorar y mantener informada a las empresas asociadas de los asuntos t\u00e9cnicos y legales.<\/p>\n\n\n\n<p>La junta directiva de CADOAR la integran James Garc\u00eda Torres, Wilfredo Baquero Ginebra, Jos\u00e9 A. Zapata, Nina D\u2019agostini Del Valle, Pierina Pumarol Santos, V\u00edctor J. Rojas de Jes\u00fas, Luis Manuel Aguil\u00f3, Mois\u00e9s A. Franco Llenas, Milagros de los Santos Hinojosa, H\u00e9ctor Corominas Pe\u00f1a, Rafael Bol\u00edvar Nolasco Morel, Nelson Hedi Hern\u00e1ndez Pichardo, Fernando Joa y su presidente ejecutivo Miguel Villam\u00e1n.<\/p>\n\n\n\n<p>Est\u00e1 conformada por las aseguradoras Atl\u00e1ntica Seguros, Seguros Ademi, &nbsp;Angloamericana de Seguros, BMI Compa\u00f1\u00eda de Seguros, Confederaci\u00f3n del Canad\u00e1 Dominicana, Cuna Mutual Insurance Society Dominicana, General de Seguros, Humano Seguros, La Colonial, La Monumental de Seguros, Mapfre BHD, Multiseguros, Patria Compa\u00f1\u00eda de Seguros, Reaseguradora Santo Domingo, REHSA Compa\u00f1\u00eda de Seguros, Seguros Crecer, APS Seguros, Seguros Pep\u00edn, Seguros Reservas, Seguros Sura, Seguros Universal y&nbsp;Worldwide Seguros.<\/p>\n","protected":false},"excerpt":{"rendered":"<p>Santo Domingo, R.D.&nbsp;Jueves 23 de marzo de 2023.&#8211;&nbsp;El presidente de la C\u00e1mara Dominicana de Aseguradores y Reaseguradores (CADOAR), James Garc\u00eda Torres, advirti\u00f3 este jueves que los costes de seguros del&hellip; <\/p>\n","protected":false},"author":2,"featured_media":26840,"comment_status":"closed","ping_status":"closed","sticky":false,"template":"","format":"standard","meta":{"fifu_image_url":"","fifu_image_alt":"","footnotes":""},"categories":[89],"tags":[],"class_list":["post-26837","post","type-post","status-publish","format-standard","has-post-thumbnail","hentry","category-seguros"],"_links":{"self":[{"href":"https:\/\/elmundodelosnegocios.com.do\/v1\/wp-json\/wp\/v2\/posts\/26837","targetHints":{"allow":["GET"]}}],"collection":[{"href":"https:\/\/elmundodelosnegocios.com.do\/v1\/wp-json\/wp\/v2\/posts"}],"about":[{"href":"https:\/\/elmundodelosnegocios.com.do\/v1\/wp-json\/wp\/v2\/types\/post"}],"author":[{"embeddable":true,"href":"https:\/\/elmundodelosnegocios.com.do\/v1\/wp-json\/wp\/v2\/users\/2"}],"replies":[{"embeddable":true,"href":"https:\/\/elmundodelosnegocios.com.do\/v1\/wp-json\/wp\/v2\/comments?post=26837"}],"version-history":[{"count":0,"href":"https:\/\/elmundodelosnegocios.com.do\/v1\/wp-json\/wp\/v2\/posts\/26837\/revisions"}],"wp:featuredmedia":[{"embeddable":true,"href":"https:\/\/elmundodelosnegocios.com.do\/v1\/wp-json\/wp\/v2\/media\/26840"}],"wp:attachment":[{"href":"https:\/\/elmundodelosnegocios.com.do\/v1\/wp-json\/wp\/v2\/media?parent=26837"}],"wp:term":[{"taxonomy":"category","embeddable":true,"href":"https:\/\/elmundodelosnegocios.com.do\/v1\/wp-json\/wp\/v2\/categories?post=26837"},{"taxonomy":"post_tag","embeddable":true,"href":"https:\/\/elmundodelosnegocios.com.do\/v1\/wp-json\/wp\/v2\/tags?post=26837"}],"curies":[{"name":"wp","href":"https:\/\/api.w.org\/{rel}","templated":true}]}}