{"id":26850,"date":"2023-03-23T17:53:53","date_gmt":"2023-03-23T22:23:53","guid":{"rendered":"https:\/\/elmundodelosnegocios.com.do\/v1\/?p=26850"},"modified":"2023-03-23T17:53:54","modified_gmt":"2023-03-23T22:23:54","slug":"reune-el-xiv-encuentro-empresarial-iberoamericano-mas-1500-participantes-primer-dia","status":"publish","type":"post","link":"https:\/\/elmundodelosnegocios.com.do\/v1\/reune-el-xiv-encuentro-empresarial-iberoamericano-mas-1500-participantes-primer-dia\/","title":{"rendered":"Reune el XIV Encuentro Empresarial Iberoamericano m\u00e1s 1,500 participantes primer d\u00eda"},"content":{"rendered":"\n<p><strong>Santo Domingo<\/strong>, R.D., 23 de marzo 2023.- El XIV Encuentro Empresarial Iberoamericano se inici\u00f3 este jueves en Santo Domingo con una concurrida asistencia de m\u00e1s de 1,500 personas.<\/p>\n\n\n\n<p>La inauguraci\u00f3n del encuentro fue encabezada por la vicepresidenta de la Rep\u00fablica Dominicana, Raquel Pe\u00f1a, quien manifest\u00f3, en nombre del Gobierno dominicano y del presidente Luis Abinader, el gran honor que representa dar la bienvenida a este encuentro, que es la puerta de entrada hacia novedosas propuestas que llegan hasta los tomadores de decisiones de los pa\u00edses representados en este c\u00f3nclave.<\/p>\n\n\n\n<p>La funcionaria expres\u00f3 que este foro, que es una actividad oficial de la XXVIII Cumbre Iberoamericana de Jefas y Jefes de Estado y de Gobierno, debe ser aprovechado para acoger el modelo de apertura al comercio internacional, al di\u00e1logo entre naciones y a la b\u00fasqueda de soluciones conjuntas.<\/p>\n\n\n\n<p>\u201cEs nuestro deseo que el encuentro se constituya en un verdadero instrumento de colaboraci\u00f3n, que promueva la prosperidad y el desarrollo empresarial en Iberoam\u00e9rica, y que esto se traduzca en bienestar para todos los ciudadanos de una Iberoam\u00e9rica m\u00e1s justa\u201d, precis\u00f3 la vicemandataria.&nbsp;<\/p>\n\n\n\n<p>El presidente del Consejo Nacional de la Empresa Privada (CONEP) de la Rep\u00fablica Dominicana, Celso Juan Marranzini, destac\u00f3 el significado de ser la organizaci\u00f3n anfitriona de este importante encuentro que refleja el deseo compartido de forjar una regi\u00f3n m\u00e1s pr\u00f3spera, justa y sostenible.&nbsp;<\/p>\n\n\n\n<p>\u201cHoy, desde Santo Domingo, Primada de Am\u00e9rica, le mostramos al mundo el potencial de una Iberoam\u00e9rica que reconoce que son m\u00e1s las cosas que nos unen, que las que nos separan. Damos una se\u00f1al contundente a favor del desarrollo de nuestros pa\u00edses, defendiendo la iniciativa privada y la libertad de empresa\u201d, afirm\u00f3.<\/p>\n\n\n\n<p>Marranzini tambi\u00e9n resalt\u00f3 el papel del sector privado en el crecimiento del pa\u00eds que ocurre en un ambiente de estabilidad pol\u00edtica, econ\u00f3mico y social sin precedentes a lo largo de las \u00faltimas seis d\u00e9cadas.&nbsp;<\/p>\n\n\n\n<p>\u201cNos toca, como empresarios, apoyar la consolidaci\u00f3n de la democracia porque en ella la iniciativa privada se expresa y se manifiesta como otra cara m\u00e1s de las libertades que solo en ella podremos lograr. Muchos factores inciden en la forma en la que hacemos negocios en estos tiempos. Para ser exitosos, de cara al futuro, se requerir\u00e1 una dosis adicional de innovaci\u00f3n y resiliencia\u201d, destac\u00f3 Marranzini.<\/p>\n\n\n\n<p>Por otro lado, el secretario general iberoamericano, Andr\u00e9s Allamand, resumi\u00f3 en una frase la importancia del evento. \u00abIberoam\u00e9rica necesita a sus empresarios\u00bb. Allamand argument\u00f3 que esta necesidad es para despejar el fantasma de las d\u00e9cadas perdidas que solo desaparecer\u00e1, a su juicio, con una acci\u00f3n empresarial, estatal, coordinada y potente.&nbsp;<\/p>\n\n\n\n<p>\u201cYo estoy absolutamente convencido de que Iberoam\u00e9rica tiene los empresarios que se necesitan. Y estoy absolutamente seguro que en esta reuni\u00f3n, que esta cumbre en Rep\u00fablica Dominicana, que nos acoge como si todos fu\u00e9ramos hijos de esta tierra, va a ser un impulso fundamental para generar lo que estamos pensando: un crecimiento justo, inclusivo, que no deje absolutamente a nadie atr\u00e1\u201d, expres\u00f3 Allamand.&nbsp;<\/p>\n\n\n\n<p>En tanto que el presidente de la Confederaci\u00f3n Espa\u00f1ola de Organizaciones Empresariales (CEOE) y Secretar\u00eda Permanente del Consejo de Empresarios Iberoamericanos (CEIB), Antonio Garamendi, afirm\u00f3: \u201cEl Encuentro Empresarial Iberoamericano se erige, una vez m\u00e1s, como el acto de mayor trascendencia en el \u00e1mbito empresarial a nivel iberoamericano, que se celebra cada dos a\u00f1os, y que representa el mejor punto de encuentro entre los sectores p\u00fablico y privado\u201d.&nbsp;<\/p>\n\n\n\n<p>El XIV Encuentro Empresarial Iberoamericano, organizado por el Consejo Nacional de la Empresa Privada (CONEP), la Secretar\u00eda General Iberoamericana (SEGIB) y el Consejo de Empresarios Iberoamericanos (CEIB), continuar\u00e1 ma\u00f1ana viernes con el abordaje de los temas igualdad de g\u00e9nero, que tendr\u00e1 un papel protagonista durante una mesa tem\u00e1tica que ser\u00e1 la m\u00e1s extensa del programa; turismo, infraestructura y transformaci\u00f3n digital.<\/p>\n\n\n\n<p>Tambi\u00e9n ser\u00e1 el d\u00eda en el que los jefes y jefas de Estado y de Gobierno tengan un conversatorio y se les presenten las recomendaciones del sector empresarial, que ser\u00e1n llevadas a la XXVIII Cumbre Iberoamericana, que tambi\u00e9n se realizar\u00e1 en Santo Domingo, el d\u00eda s\u00e1bado 25 de marzo.<\/p>\n\n\n\n<p>Previo a la sesi\u00f3n de clausura del Encuentro Empresarial, en la que intervendr\u00e1 S.M. el el Rey Felipe VI y el presidente de Rep\u00fablica Dominicana, Luis Abinader, se proceder\u00e1 al traspaso de la presidencia<em> pro tempore<\/em> del Consejo de Empresarios Iberoamericanos que, en este caso, recaer\u00e1 en la presidenta de la Federaci\u00f3n Nacional de C\u00e1maras de Industrias de Ecuador y presidenta ejecutiva de CIP, Mar\u00eda Paz Jervis.<\/p>\n\n\n\n<p>El XIV Encuentro Empresarial ha sido el de mayor concurrencia, con m\u00e1s de 1,765 personas registradas en total, de las cuales m\u00e1s de 1,500 asistir\u00e1n de forma presencial y el resto podr\u00e1 dar seguimiento al contenido de forma virtual y en diferido.<\/p>\n","protected":false},"excerpt":{"rendered":"<p>Santo Domingo, R.D., 23 de marzo 2023.- El XIV Encuentro Empresarial Iberoamericano se inici\u00f3 este jueves en Santo Domingo con una concurrida asistencia de m\u00e1s de 1,500 personas. La inauguraci\u00f3n&hellip; <\/p>\n","protected":false},"author":2,"featured_media":26851,"comment_status":"closed","ping_status":"closed","sticky":false,"template":"","format":"standard","meta":{"fifu_image_url":"","fifu_image_alt":"","footnotes":""},"categories":[83],"tags":[],"class_list":["post-26850","post","type-post","status-publish","format-standard","has-post-thumbnail","hentry","category-empresariales-empresariales"],"_links":{"self":[{"href":"https:\/\/elmundodelosnegocios.com.do\/v1\/wp-json\/wp\/v2\/posts\/26850","targetHints":{"allow":["GET"]}}],"collection":[{"href":"https:\/\/elmundodelosnegocios.com.do\/v1\/wp-json\/wp\/v2\/posts"}],"about":[{"href":"https:\/\/elmundodelosnegocios.com.do\/v1\/wp-json\/wp\/v2\/types\/post"}],"author":[{"embeddable":true,"href":"https:\/\/elmundodelosnegocios.com.do\/v1\/wp-json\/wp\/v2\/users\/2"}],"replies":[{"embeddable":true,"href":"https:\/\/elmundodelosnegocios.com.do\/v1\/wp-json\/wp\/v2\/comments?post=26850"}],"version-history":[{"count":0,"href":"https:\/\/elmundodelosnegocios.com.do\/v1\/wp-json\/wp\/v2\/posts\/26850\/revisions"}],"wp:featuredmedia":[{"embeddable":true,"href":"https:\/\/elmundodelosnegocios.com.do\/v1\/wp-json\/wp\/v2\/media\/26851"}],"wp:attachment":[{"href":"https:\/\/elmundodelosnegocios.com.do\/v1\/wp-json\/wp\/v2\/media?parent=26850"}],"wp:term":[{"taxonomy":"category","embeddable":true,"href":"https:\/\/elmundodelosnegocios.com.do\/v1\/wp-json\/wp\/v2\/categories?post=26850"},{"taxonomy":"post_tag","embeddable":true,"href":"https:\/\/elmundodelosnegocios.com.do\/v1\/wp-json\/wp\/v2\/tags?post=26850"}],"curies":[{"name":"wp","href":"https:\/\/api.w.org\/{rel}","templated":true}]}}