{"id":26884,"date":"2023-03-27T09:06:45","date_gmt":"2023-03-27T13:36:45","guid":{"rendered":"https:\/\/elmundodelosnegocios.com.do\/v1\/?p=26884"},"modified":"2023-03-27T09:06:47","modified_gmt":"2023-03-27T13:36:47","slug":"presidente-abinader-entrega-premio-iberoamericano-de-la-calidad-en-la-categoria-oro-a-tres-instituciones-publicas-dominicanas","status":"publish","type":"post","link":"https:\/\/elmundodelosnegocios.com.do\/v1\/presidente-abinader-entrega-premio-iberoamericano-de-la-calidad-en-la-categoria-oro-a-tres-instituciones-publicas-dominicanas\/","title":{"rendered":"Presidente Abinader entrega Premio Iberoamericano de la Calidad en la categor\u00eda Oro a tres instituciones p\u00fablicas dominicanas"},"content":{"rendered":"\n<p>Santo Domingo, Rep\u00fablica Dominicana. \u2013 En el marco de la vig\u00e9sima octava Cumbre Iberoamericana de Jefas y Jefes de Estado y de Gobierno, el presidente Luis Abinader hizo entrega del Premio Iberoamericano de la Calidad a tres instituciones p\u00fablicas dominicanas en la categor\u00eda Oro.<\/p>\n\n\n\n<p>Las instituciones premiadas fueron el Hospital Hugo Mendoza y la Tesorer\u00eda de la Seguridad Social (TSS) en el rengl\u00f3n \u00abOro Iberoamericano de la Calidad 2022\u00bb y el Centro Educativo Cometas de Esperanza en la categor\u00eda \u00abOro Mejores Pr\u00e1cticas en Objetivos de Desarrollo Sostenible\u00bb.<\/p>\n\n\n\n<figure class=\"wp-block-gallery has-nested-images columns-default is-cropped wp-block-gallery-1 is-layout-flex wp-block-gallery-is-layout-flex\">\n<figure class=\"wp-block-image size-large\"><img loading=\"lazy\" decoding=\"async\" width=\"1024\" height=\"683\" data-id=\"26886\" src=\"https:\/\/elmundodelosnegocios.com.do\/v1\/wp-content\/uploads\/2023\/03\/01a-1-1024x683.jpg\" alt=\"\" class=\"wp-image-26886\" srcset=\"https:\/\/elmundodelosnegocios.com.do\/v1\/wp-content\/uploads\/2023\/03\/01a-1-1024x683.jpg 1024w, https:\/\/elmundodelosnegocios.com.do\/v1\/wp-content\/uploads\/2023\/03\/01a-1-300x200.jpg 300w, https:\/\/elmundodelosnegocios.com.do\/v1\/wp-content\/uploads\/2023\/03\/01a-1-768x512.jpg 768w, https:\/\/elmundodelosnegocios.com.do\/v1\/wp-content\/uploads\/2023\/03\/01a-1-1536x1024.jpg 1536w, https:\/\/elmundodelosnegocios.com.do\/v1\/wp-content\/uploads\/2023\/03\/01a-1-2048x1365.jpg 2048w\" sizes=\"auto, (max-width: 1024px) 100vw, 1024px\" \/><\/figure>\n\n\n\n<figure class=\"wp-block-image size-large\"><img loading=\"lazy\" decoding=\"async\" width=\"1024\" height=\"705\" data-id=\"26885\" src=\"https:\/\/elmundodelosnegocios.com.do\/v1\/wp-content\/uploads\/2023\/03\/01b-1024x705.jpg\" alt=\"\" class=\"wp-image-26885\" srcset=\"https:\/\/elmundodelosnegocios.com.do\/v1\/wp-content\/uploads\/2023\/03\/01b-1024x705.jpg 1024w, https:\/\/elmundodelosnegocios.com.do\/v1\/wp-content\/uploads\/2023\/03\/01b-300x207.jpg 300w, https:\/\/elmundodelosnegocios.com.do\/v1\/wp-content\/uploads\/2023\/03\/01b-768x529.jpg 768w, https:\/\/elmundodelosnegocios.com.do\/v1\/wp-content\/uploads\/2023\/03\/01b-1536x1058.jpg 1536w, https:\/\/elmundodelosnegocios.com.do\/v1\/wp-content\/uploads\/2023\/03\/01b-2048x1410.jpg 2048w\" sizes=\"auto, (max-width: 1024px) 100vw, 1024px\" \/><\/figure>\n<\/figure>\n\n\n\n<p>Los galardones fueron entregados en presencia de su majestad Felipe VI, Rey de Espa\u00f1a y Rafael Garc\u00eda Meiro, presidente del Patronato de la Fundaci\u00f3n Iberoamericana para la Gesti\u00f3n de la Calidad (FUNDIBEQ), organizaci\u00f3n que gestiona el Premio Iberoamericano de la Calidad, siendo la primera vez que tres instituciones p\u00fablicas de la Rep\u00fablica Dominicana logran oro, respectivamente.<\/p>\n\n\n\n<p>Asimismo, el Hospital Pedi\u00e1trico Dr. Hugo Mendoza se convirti\u00f3 en la primera instituci\u00f3n del pa\u00eds en recibir dos veces el galard\u00f3n oro de esa premiaci\u00f3n internacional.<\/p>\n\n\n\n<p>Para postular al Premio Iberoamericano, las instituciones p\u00fablicas dominicanas primero debieron ganar el m\u00e1ximo galard\u00f3n del Premio Nacional a la Calidad, el cual es organizado por el Ministerio de Administraci\u00f3n P\u00fablica (MAP), como \u00f3rgano rector de la funci\u00f3n p\u00fablica y de los procesos de evaluaci\u00f3n de la gesti\u00f3n institucional.<\/p>\n\n\n\n<p>En la ceremonia, estuvo presente la viceministra de Evaluaci\u00f3n del Desempe\u00f1o Institucional del MAP, Hadeline Matos, y por FUNDIBEQ, participaron Juan Luis Mart\u00edn Cuesta, director Ejecutivo, y la responsable de Programas, Ana Jim\u00e9nez del Molino.<\/p>\n\n\n\n<p>Sobre el Premio Iberoamericano de la Calidad<\/p>\n\n\n\n<p>El Premio Iberoamericano de la Calidad es un proyecto adscrito a la Cumbre Iberoamericana de Jefes de Estado y de Gobierno, coordinado por la Secretar\u00eda General Iberoamericana (SEGIB) y gestionado por FUNDIBEQ, que reconoce la excelencia en la gesti\u00f3n de organizaciones p\u00fablicas y privadas de Iberoam\u00e9rica.<\/p>\n","protected":false},"excerpt":{"rendered":"<p>Santo Domingo, Rep\u00fablica Dominicana. \u2013 En el marco de la vig\u00e9sima octava Cumbre Iberoamericana de Jefas y Jefes de Estado y de Gobierno, el presidente Luis Abinader hizo entrega del&hellip; <\/p>\n","protected":false},"author":2,"featured_media":26886,"comment_status":"closed","ping_status":"closed","sticky":false,"template":"","format":"standard","meta":{"fifu_image_url":"","fifu_image_alt":"","footnotes":""},"categories":[151],"tags":[],"class_list":["post-26884","post","type-post","status-publish","format-standard","has-post-thumbnail","hentry","category-gerencia"],"_links":{"self":[{"href":"https:\/\/elmundodelosnegocios.com.do\/v1\/wp-json\/wp\/v2\/posts\/26884","targetHints":{"allow":["GET"]}}],"collection":[{"href":"https:\/\/elmundodelosnegocios.com.do\/v1\/wp-json\/wp\/v2\/posts"}],"about":[{"href":"https:\/\/elmundodelosnegocios.com.do\/v1\/wp-json\/wp\/v2\/types\/post"}],"author":[{"embeddable":true,"href":"https:\/\/elmundodelosnegocios.com.do\/v1\/wp-json\/wp\/v2\/users\/2"}],"replies":[{"embeddable":true,"href":"https:\/\/elmundodelosnegocios.com.do\/v1\/wp-json\/wp\/v2\/comments?post=26884"}],"version-history":[{"count":0,"href":"https:\/\/elmundodelosnegocios.com.do\/v1\/wp-json\/wp\/v2\/posts\/26884\/revisions"}],"wp:featuredmedia":[{"embeddable":true,"href":"https:\/\/elmundodelosnegocios.com.do\/v1\/wp-json\/wp\/v2\/media\/26886"}],"wp:attachment":[{"href":"https:\/\/elmundodelosnegocios.com.do\/v1\/wp-json\/wp\/v2\/media?parent=26884"}],"wp:term":[{"taxonomy":"category","embeddable":true,"href":"https:\/\/elmundodelosnegocios.com.do\/v1\/wp-json\/wp\/v2\/categories?post=26884"},{"taxonomy":"post_tag","embeddable":true,"href":"https:\/\/elmundodelosnegocios.com.do\/v1\/wp-json\/wp\/v2\/tags?post=26884"}],"curies":[{"name":"wp","href":"https:\/\/api.w.org\/{rel}","templated":true}]}}