{"id":26891,"date":"2023-03-27T09:34:33","date_gmt":"2023-03-27T14:04:33","guid":{"rendered":"https:\/\/elmundodelosnegocios.com.do\/v1\/?p=26891"},"modified":"2023-03-27T09:34:34","modified_gmt":"2023-03-27T14:04:34","slug":"la-aurora-galardonada-con-el-gran-premio-nacional-a-la-calidad-del-sector-privado","status":"publish","type":"post","link":"https:\/\/elmundodelosnegocios.com.do\/v1\/la-aurora-galardonada-con-el-gran-premio-nacional-a-la-calidad-del-sector-privado\/","title":{"rendered":"La Aurora, galardonada con el Gran Premio Nacional a la Calidad del Sector Privado"},"content":{"rendered":"\n<p>La Aurora Cigars recibi\u00f3 este martes la m\u00e1xima distinci\u00f3n de los Premios Nacionales a la Calidad del Sector Privado de Rep\u00fablica Dominicana. El presidente de la Rep\u00fablica Dominicana, Luis Abinader, y el ministro de Industria y Comercio, V\u00edctor Bison\u00f3, que acudieron como invitados al evento, fueron los encargados de entregar el galard\u00f3n al presidente de la compa\u00f1\u00eda, Guillermo Le\u00f3n.<\/p>\n\n\n\n<p>Nuestra compa\u00f1\u00eda,&nbsp;<a href=\"https:\/\/www.laaurora.com.do\/historia\/\">la tabaquera m\u00e1s antigua de Rep\u00fablica Dominicana<\/a>, se encuentra entre las&nbsp;<a href=\"https:\/\/hoy.com.do\/fabrica-la-aurora-recibe-el-premio-nacional-a-la-calidad\/\">25 empresas m\u00e1s destacas del pa\u00eds<\/a>&nbsp;que han recibido el Premio Nacional a la Calidad del Sector Privado. Este galard\u00f3n reconoce el desempe\u00f1o en la calidad y la excelencia en la producci\u00f3n de bienes y servicios.<\/p>\n\n\n\n<p>Estos premios buscan incentivar el intercambio de experiencia entre las empresas que han desarrollado un modelo de gesti\u00f3n de excelencia, con resultados destacados, adem\u00e1s de fomentar una cultura de calidad digna de imitar por las empresas a nivel nacional.<\/p>\n\n\n\n<h3 class=\"wp-block-heading\">Orgullo de los productos y servicios de clase mundial de Rep\u00fablica Dominicana<\/h3>\n\n\n\n<p>Tal y como explic\u00f3 el director del Premio Nacional a la Calidad del Sector Privado (PNC-SP), Ignacio M\u00e9ndez, durante el evento de esta V edici\u00f3n de los premios, se trata de unos galardones que pretenden contribuir a generar orgullo de los productos y los servicios de clase mundial con los que cuenta el pa\u00eds.<\/p>\n\n\n\n<p>\u201cEs un galard\u00f3n que promueve la gesti\u00f3n integral de la calidad en las empresas dominicanas y tiene como finalidad aumentar la competitividad, el desempleo y la sostenibilidad de las mismas, propiciar su mejora continua y promover su transformaci\u00f3n a empresas de clase mundial\u201d, detall\u00f3 M\u00e9ndez.<\/p>\n\n\n\n<p>Adem\u00e1s, el director del Premio Nacional a la Calidad del Sector Privado agradeci\u00f3 a todos los actores que hicieron posible la realizaci\u00f3n de la entrega de premios, a todo el equipo, a los evaluadores y al jurado. Tambi\u00e9n mostr\u00f3 su agradecimiento a la Uni\u00f3n Europea, que ha estado apoyando a Rep\u00fablica Dominicana en todo lo relativo a la Pol\u00edtica Nacional de Calidad; en concreto respaldando en todo momento el proceso de estos galardones.<\/p>\n","protected":false},"excerpt":{"rendered":"<p>La Aurora Cigars recibi\u00f3 este martes la m\u00e1xima distinci\u00f3n de los Premios Nacionales a la Calidad del Sector Privado de Rep\u00fablica Dominicana. El presidente de la Rep\u00fablica Dominicana, Luis Abinader,&hellip; <\/p>\n","protected":false},"author":2,"featured_media":26892,"comment_status":"closed","ping_status":"closed","sticky":false,"template":"","format":"standard","meta":{"fifu_image_url":"","fifu_image_alt":"","footnotes":""},"categories":[157],"tags":[],"class_list":["post-26891","post","type-post","status-publish","format-standard","has-post-thumbnail","hentry","category-marketing"],"_links":{"self":[{"href":"https:\/\/elmundodelosnegocios.com.do\/v1\/wp-json\/wp\/v2\/posts\/26891","targetHints":{"allow":["GET"]}}],"collection":[{"href":"https:\/\/elmundodelosnegocios.com.do\/v1\/wp-json\/wp\/v2\/posts"}],"about":[{"href":"https:\/\/elmundodelosnegocios.com.do\/v1\/wp-json\/wp\/v2\/types\/post"}],"author":[{"embeddable":true,"href":"https:\/\/elmundodelosnegocios.com.do\/v1\/wp-json\/wp\/v2\/users\/2"}],"replies":[{"embeddable":true,"href":"https:\/\/elmundodelosnegocios.com.do\/v1\/wp-json\/wp\/v2\/comments?post=26891"}],"version-history":[{"count":0,"href":"https:\/\/elmundodelosnegocios.com.do\/v1\/wp-json\/wp\/v2\/posts\/26891\/revisions"}],"wp:featuredmedia":[{"embeddable":true,"href":"https:\/\/elmundodelosnegocios.com.do\/v1\/wp-json\/wp\/v2\/media\/26892"}],"wp:attachment":[{"href":"https:\/\/elmundodelosnegocios.com.do\/v1\/wp-json\/wp\/v2\/media?parent=26891"}],"wp:term":[{"taxonomy":"category","embeddable":true,"href":"https:\/\/elmundodelosnegocios.com.do\/v1\/wp-json\/wp\/v2\/categories?post=26891"},{"taxonomy":"post_tag","embeddable":true,"href":"https:\/\/elmundodelosnegocios.com.do\/v1\/wp-json\/wp\/v2\/tags?post=26891"}],"curies":[{"name":"wp","href":"https:\/\/api.w.org\/{rel}","templated":true}]}}