{"id":26937,"date":"2023-03-28T18:39:16","date_gmt":"2023-03-28T23:09:16","guid":{"rendered":"https:\/\/elmundodelosnegocios.com.do\/v1\/?p=26937"},"modified":"2023-03-28T18:39:18","modified_gmt":"2023-03-28T23:09:18","slug":"al-margen-de-la-cumbre-iberoamericana-de-jovenes-lideres-bisono-repaso-las-medidas-del-ministerio-para-apoyar-el-emprendimiento-y-las-pymes","status":"publish","type":"post","link":"https:\/\/elmundodelosnegocios.com.do\/v1\/al-margen-de-la-cumbre-iberoamericana-de-jovenes-lideres-bisono-repaso-las-medidas-del-ministerio-para-apoyar-el-emprendimiento-y-las-pymes\/","title":{"rendered":"Al margen de la Cumbre Iberoamericana de J\u00f3venes L\u00edderes, Bison\u00f3 repas\u00f3 las medidas del Ministerio para apoyar el emprendimiento y las PyMEs."},"content":{"rendered":"\n<p><strong>SANTO DOMINGO. \u2013&nbsp;<\/strong>Las mipymes y los emprendedores \u201cson el centro de las pol\u00edticas p\u00fablicas del Gobierno del presidente Luis Abinader\u201d, asegur\u00f3 el ministro de Industria, Comercio y Mipymes (MICM), V\u00edctor -Ito- Bison\u00f3, quien se comprometi\u00f3 continuar impulsando esos sectores, porque garantizan las bases para afianzar un verdadero desarrollo econ\u00f3mico y social en la Rep\u00fablica Dominicana.<\/p>\n\n\n\n<figure class=\"wp-block-image\"><img decoding=\"async\" src=\"https:\/\/micm.gob.do\/images\/noticias\/2023\/03-marzo\/Ministro_MICM_dice_mipymes_y_emprendedores_02.jpg\" alt=\"\"\/><figcaption class=\"wp-element-caption\">.<\/figcaption><\/figure>\n\n\n\n<p>Bison\u00f3 habl\u00f3 en la XXVIII Cumbre Iberoamericana de J\u00f3venes L\u00edderes, donde cit\u00f3 iniciativas como la puesta en marcha del primer Centro de Prototipado y Transferencias Tecnol\u00f3gicas del Caribe, que con el apoyo del MICM, que impulsa la innovaci\u00f3n empresarial mediante la creaci\u00f3n, puesta en marcha y desarrollo de nuevos productos o la mejora de los ya existentes.<\/p>\n\n\n\n<p>Adem\u00e1s, expuso la implementaci\u00f3n del Sistema Electr\u00f3nico de Garant\u00edas Mobiliarias, un software que facilita el registro de bienes muebles como garant\u00eda, a fin de que las mipymes puedan acceder a cr\u00e9ditos.<\/p>\n\n\n\n<p>El ministro se\u00f1al\u00f3 que para simplificar tr\u00e1mites burocr\u00e1ticos a emprendedores y mipymes, el plan \u201cBurocracia Cero\u201d puso en funcionamiento m\u00e1s de 305 tr\u00e1mites y servicios, a trav\u00e9s de un portal \u00fanico en l\u00ednea que redujo los tiempos de tramitaci\u00f3n en m\u00e1s de un 40%; \u201cpara el 2024, este esfuerzo del Gobierno tendr\u00e1 disponible m\u00e1s de 450 procesos y servicios gubernamentales.<\/p>\n\n\n\n<p>Con relaci\u00f3n a las acciones para promover los emprendimientos, se\u00f1al\u00f3 los programas de capacitaci\u00f3n Aprender para Emprender, Desaf\u00edo Social y Programa Penitenciario, que coordina la Direcci\u00f3n de Emprendimiento del MICM, los cuales han impactado a m\u00e1s de 19 mil personas durante los \u00faltimos dos a\u00f1os.<\/p>\n\n\n\n<figure class=\"wp-block-image\"><img decoding=\"async\" src=\"https:\/\/micm.gob.do\/images\/noticias\/2023\/03-marzo\/Ministro_MICM_dice_mipymes_y_emprendedores_03.jpg\" alt=\"\"\/><figcaption class=\"wp-element-caption\">.<\/figcaption><\/figure>\n\n\n\n<p>A\u00f1adi\u00f3 que el Plan Barrio, que cont\u00f3 con el apoyo de la empresa Nestl\u00e9 Dominicana, 3,500 mujeres micro distribuidoras se convirtieron en emprendedoras, gracias a las capacitaciones en temas de finanzas, mercadeo y liderazgo.<\/p>\n\n\n\n<p>Bison\u00f3 dijo que la cumbre iberoamericana es un espacio propicio para que los j\u00f3venes reflexionen sobre qu\u00e9 estamos haciendo, c\u00f3mo lo hacemos y la manera de dise\u00f1ar y aplicar iniciativas que se adec\u00faen de manera oportuna a los cambios que experimenta la sociedad.<\/p>\n\n\n\n<p>Exhort\u00f3 a los j\u00f3venes a que sean innovadores a trav\u00e9s de sus ideas, a que asuman riesgos y aprovechen las oportunidades que hoy tienen en sus manos para emprender y transformar la sociedad a trav\u00e9s de su accionar, utilizando el potencial que posee Rep\u00fablica Dominicana con respecto al mundo.<\/p>\n\n\n\n<p>Durante el acto estuvo la vicepresidenta Raquel Pe\u00f1a; el ministro de la Juventud, Rafael F\u00e9lix Garc\u00eda; la embajadora de la Confederaci\u00f3n Suiza, Rita H\u00e4mmerli-Weschke; y el embajador de la Rep\u00fablica Dominicana en Suiza, Pablo Valent\u00edn Rosario.<\/p>\n\n\n\n<p>Tambi\u00e9n Laurent Freixe, presidente de Nestl\u00e9 para Am\u00e9rica; Max Trejo, secretario general del Organismo Internacional de Juventud para Iberoam\u00e9rica (OIJ); Ignacio Corlazzoli, gerente de Europa, Asia y Medio Oriente del CAF- Banco de Desarrollo de Am\u00e9rica Latina; Mariano Jabonero, secretario general iberoamericano para la Educaci\u00f3n, la Ciencia y la Cultura (OEI), entre otros.<\/p>\n","protected":false},"excerpt":{"rendered":"<p>SANTO DOMINGO. \u2013&nbsp;Las mipymes y los emprendedores \u201cson el centro de las pol\u00edticas p\u00fablicas del Gobierno del presidente Luis Abinader\u201d, asegur\u00f3 el ministro de Industria, Comercio y Mipymes (MICM), V\u00edctor&hellip; <\/p>\n","protected":false},"author":2,"featured_media":26938,"comment_status":"closed","ping_status":"closed","sticky":false,"template":"","format":"standard","meta":{"fifu_image_url":"","fifu_image_alt":"","footnotes":""},"categories":[83],"tags":[],"class_list":["post-26937","post","type-post","status-publish","format-standard","has-post-thumbnail","hentry","category-empresariales-empresariales"],"_links":{"self":[{"href":"https:\/\/elmundodelosnegocios.com.do\/v1\/wp-json\/wp\/v2\/posts\/26937","targetHints":{"allow":["GET"]}}],"collection":[{"href":"https:\/\/elmundodelosnegocios.com.do\/v1\/wp-json\/wp\/v2\/posts"}],"about":[{"href":"https:\/\/elmundodelosnegocios.com.do\/v1\/wp-json\/wp\/v2\/types\/post"}],"author":[{"embeddable":true,"href":"https:\/\/elmundodelosnegocios.com.do\/v1\/wp-json\/wp\/v2\/users\/2"}],"replies":[{"embeddable":true,"href":"https:\/\/elmundodelosnegocios.com.do\/v1\/wp-json\/wp\/v2\/comments?post=26937"}],"version-history":[{"count":0,"href":"https:\/\/elmundodelosnegocios.com.do\/v1\/wp-json\/wp\/v2\/posts\/26937\/revisions"}],"wp:featuredmedia":[{"embeddable":true,"href":"https:\/\/elmundodelosnegocios.com.do\/v1\/wp-json\/wp\/v2\/media\/26938"}],"wp:attachment":[{"href":"https:\/\/elmundodelosnegocios.com.do\/v1\/wp-json\/wp\/v2\/media?parent=26937"}],"wp:term":[{"taxonomy":"category","embeddable":true,"href":"https:\/\/elmundodelosnegocios.com.do\/v1\/wp-json\/wp\/v2\/categories?post=26937"},{"taxonomy":"post_tag","embeddable":true,"href":"https:\/\/elmundodelosnegocios.com.do\/v1\/wp-json\/wp\/v2\/tags?post=26937"}],"curies":[{"name":"wp","href":"https:\/\/api.w.org\/{rel}","templated":true}]}}