{"id":27011,"date":"2023-03-30T11:04:43","date_gmt":"2023-03-30T15:34:43","guid":{"rendered":"https:\/\/elmundodelosnegocios.com.do\/v1\/?p=27011"},"modified":"2023-03-30T11:04:45","modified_gmt":"2023-03-30T15:34:45","slug":"resalta-camara-comercio-cultura-espanola-a-traves-sus-vinos-y-gastronomia","status":"publish","type":"post","link":"https:\/\/elmundodelosnegocios.com.do\/v1\/resalta-camara-comercio-cultura-espanola-a-traves-sus-vinos-y-gastronomia\/","title":{"rendered":"Resalta C\u00e1mara Comercio cultura espa\u00f1ola a trav\u00e9s sus vinos y gastronom\u00eda"},"content":{"rendered":"\n<p><strong>SANTO DOMINGO<\/strong>, R.D. Marzo, 2023.- La C\u00e1mara Oficial Espa\u00f1ola de Comercio, Industria y Turismo de la Rep\u00fablica Dominicana, realiz\u00f3 la tradicional \u201cNoche de vinos y gastronom\u00eda espa\u00f1ola\u201d, en la que resalta parte de la riqueza de la cultura espa\u00f1ola, ofertada en el pa\u00eds por empresas vin\u00edcolas y restaurantes de clase mundial.&nbsp;<\/p>\n\n\n\n<p>En esta ocasi\u00f3n, participaron las empresas importadoras de vinos,&nbsp;\u00c1lvarez &amp; S\u00e1nchez, S.A., Casa Brugal, El Celler, El Catador, La Bodega, Sembra y Se\u00f1or Vino. Mientras que, la parte gastron\u00f3mica estuvo representada por los restaurantes Barelo, Casa Menc\u00eda, Espa\u00f1oler\u00edas, Mes\u00f3n Iberia y Rinc\u00f3n de Vicente, quienes hicieron transportar a los presentes a tierras espa\u00f1olas a trav\u00e9s de su mundialmente conocida gastronom\u00eda y sus vinos de gran calidad internacional.<\/p>\n\n\n<div class=\"wp-block-image\">\n<figure class=\"aligncenter size-large\"><img loading=\"lazy\" decoding=\"async\" width=\"1024\" height=\"832\" src=\"https:\/\/elmundodelosnegocios.com.do\/v1\/wp-content\/uploads\/2023\/03\/DSC9527-1024x832.jpg\" alt=\"\" class=\"wp-image-27012\" srcset=\"https:\/\/elmundodelosnegocios.com.do\/v1\/wp-content\/uploads\/2023\/03\/DSC9527-1024x832.jpg 1024w, https:\/\/elmundodelosnegocios.com.do\/v1\/wp-content\/uploads\/2023\/03\/DSC9527-300x244.jpg 300w, https:\/\/elmundodelosnegocios.com.do\/v1\/wp-content\/uploads\/2023\/03\/DSC9527-768x624.jpg 768w, https:\/\/elmundodelosnegocios.com.do\/v1\/wp-content\/uploads\/2023\/03\/DSC9527-1536x1248.jpg 1536w, https:\/\/elmundodelosnegocios.com.do\/v1\/wp-content\/uploads\/2023\/03\/DSC9527.jpg 1636w\" sizes=\"auto, (max-width: 1024px) 100vw, 1024px\" \/><\/figure>\n<\/div>\n\n\n<p>\u201cPara la C\u00e1mara Espa\u00f1ola esta plataforma reafirma su compromiso con la promoci\u00f3n de los productos espa\u00f1oles, difusi\u00f3n de su cultura y ambiente social y de networking para sus socios y relacionados. Cabe destacar que, la insuperable calidad de los vinos espa\u00f1oles, producidos en hist\u00f3ricas regiones de Espa\u00f1a, hace que en la Rep\u00fablica Dominicana encuentren apasionados adeptos a sus caldos, y gracias a la eficiencia en servicios de estas casas importadoras participantes, las bodegas espa\u00f1olas tienen constante presencia en el mercado dominicano\u201d, enfatiz\u00f3 Don Francisco P\u00e9rez, presidente de la C\u00e1mara.&nbsp;<\/p>\n\n\n\n<p>De igual forma, los asistentes degustaron de la calidad y los sabores que distinguen a la cocina espa\u00f1ola, a trav\u00e9s de los diversos restaurantes que fueron parte de esta gran experiencia culinaria, en un recorrido por la exquisitez de su cocina.&nbsp;<\/p>\n\n\n\n<p>El evento realizado en&nbsp;el sal\u00f3n principal de Casa Espa\u00f1a cont\u00f3 adem\u00e1s de la presencia del presidente de la C\u00e1mara, Don Francisco P\u00e9rez, con el Primer vicepresidente, miembros&nbsp;de la Junta Directiva de la C\u00e1mara Espa\u00f1ola e invitados especiales.<\/p>\n\n\n\n<p>La C\u00e1mara Oficial Espa\u00f1ola fue fundada en 1924, con el objetivo de fomentar las relaciones comerciales entre ambas naciones, brindar asistencia t\u00e9cnica empresarial a la colonia espa\u00f1ola radicada en el pa\u00eds y contribuir con el desarrollo de la Rep\u00fablica Dominicana.<\/p>\n","protected":false},"excerpt":{"rendered":"<p>SANTO DOMINGO, R.D. Marzo, 2023.- La C\u00e1mara Oficial Espa\u00f1ola de Comercio, Industria y Turismo de la Rep\u00fablica Dominicana, realiz\u00f3 la tradicional \u201cNoche de vinos y gastronom\u00eda espa\u00f1ola\u201d, en la que&hellip; <\/p>\n","protected":false},"author":2,"featured_media":27013,"comment_status":"closed","ping_status":"closed","sticky":false,"template":"","format":"standard","meta":{"fifu_image_url":"","fifu_image_alt":"","footnotes":""},"categories":[85],"tags":[],"class_list":["post-27011","post","type-post","status-publish","format-standard","has-post-thumbnail","hentry","category-gastronomia"],"_links":{"self":[{"href":"https:\/\/elmundodelosnegocios.com.do\/v1\/wp-json\/wp\/v2\/posts\/27011","targetHints":{"allow":["GET"]}}],"collection":[{"href":"https:\/\/elmundodelosnegocios.com.do\/v1\/wp-json\/wp\/v2\/posts"}],"about":[{"href":"https:\/\/elmundodelosnegocios.com.do\/v1\/wp-json\/wp\/v2\/types\/post"}],"author":[{"embeddable":true,"href":"https:\/\/elmundodelosnegocios.com.do\/v1\/wp-json\/wp\/v2\/users\/2"}],"replies":[{"embeddable":true,"href":"https:\/\/elmundodelosnegocios.com.do\/v1\/wp-json\/wp\/v2\/comments?post=27011"}],"version-history":[{"count":0,"href":"https:\/\/elmundodelosnegocios.com.do\/v1\/wp-json\/wp\/v2\/posts\/27011\/revisions"}],"wp:featuredmedia":[{"embeddable":true,"href":"https:\/\/elmundodelosnegocios.com.do\/v1\/wp-json\/wp\/v2\/media\/27013"}],"wp:attachment":[{"href":"https:\/\/elmundodelosnegocios.com.do\/v1\/wp-json\/wp\/v2\/media?parent=27011"}],"wp:term":[{"taxonomy":"category","embeddable":true,"href":"https:\/\/elmundodelosnegocios.com.do\/v1\/wp-json\/wp\/v2\/categories?post=27011"},{"taxonomy":"post_tag","embeddable":true,"href":"https:\/\/elmundodelosnegocios.com.do\/v1\/wp-json\/wp\/v2\/tags?post=27011"}],"curies":[{"name":"wp","href":"https:\/\/api.w.org\/{rel}","templated":true}]}}