{"id":27133,"date":"2023-04-05T13:35:51","date_gmt":"2023-04-05T18:05:51","guid":{"rendered":"https:\/\/elmundodelosnegocios.com.do\/v1\/?p=27133"},"modified":"2023-04-05T13:35:53","modified_gmt":"2023-04-05T18:05:53","slug":"presidente-nueva-camara-comercio-propone-acuerdo-libre-comercio-con-islas-turcas-y-caicos","status":"publish","type":"post","link":"https:\/\/elmundodelosnegocios.com.do\/v1\/presidente-nueva-camara-comercio-propone-acuerdo-libre-comercio-con-islas-turcas-y-caicos\/","title":{"rendered":"Presidente nueva C\u00e1mara Comercio propone acuerdo libre comercio con Islas Turcas y Caicos"},"content":{"rendered":"\n<p><strong>Santo Domingo, R.D.&nbsp;<\/strong>05 de abril 2023.<strong>\u2013<\/strong>&nbsp;La cercan\u00eda geograf\u00eda de la Rep\u00fablica Dominicana con las Islas Turcas y Caicos, el clima de inversi\u00f3n y la estabilidad que gozan los dos pa\u00edses hacen propicias las condiciones para un acuerdo un acuerdo de libre comercio que permita complementar ambas econom\u00edas, incrementar el intercambio de negocios y potencializar la oferta tur\u00edstica de la regi\u00f3n del Caribe.<\/p>\n\n\n\n<p>El planteamiento fue formulado por el presidente de la nueva C\u00e1mara de Comercio de las Islas Turcas y Caicos en la Rep\u00fablica Dominicana (CCITCRD), C\u00e9sar Jos\u00e9 de los Santos, en el acto de presentaci\u00f3n de esta entidad, efectuado en el hotel JW Marriott, en Blue Mall, con la asistencia del presidente de Invest Turks and Caicos Islands, Alvin Hegner, representante del primer ministro de las Islas Turcas y Caicos, Washington Misik.<\/p>\n\n\n\n<p>En la actividad intervinieron, adem\u00e1s, Caesar Campbell, vicepresidente de la c\u00e1mara; Gerson P\u00e9rez, director de comercio e inversiones de la embajada brit\u00e1nica; Marcial Smester, director de inversiones de Prodominicana, y Fernando Gonz\u00e1lez Nicol\u00e1s, presidente de la Mesa Redonda de los Pa\u00edses de la Mancomunidad.<\/p>\n\n\n\n<p>La primera directiva de la c\u00e1mara, que encabezan De los Santos y Campbell, est\u00e1 conformada por Juan Antonio Morales, tesorero; Fernando Puig Miller, secretario; los vocales Norman Wilton Hamilton, Guillermo Abbott, Edgar de Jes\u00fas Mart\u00ednez y Luis Enrique Fajardo, y como directora ejecutiva Yasmara Mej\u00eda.<\/p>\n\n\n\n<p><strong>Impulsar\u00e1n negocios con las islas caribe\u00f1as<\/strong><\/p>\n\n\n\n<p>De los Santos explic\u00f3 que el objetivo de la c\u00e1mara es dinamizar las relaciones comerciales e impulsar el intercambio tur\u00edstico con las islas Turcas y Caicos, lo cual representa un importante destino tur\u00edstico de la regi\u00f3n del Caribe que recibe mensualmente m\u00e1s de 1.3 millones de viajeros en su principal terminal mar\u00edtima.<\/p>\n\n\n\n<p>\u201cLas Islas Turcas y Caicos tienen una vinculaci\u00f3n hist\u00f3rica con la Rep\u00fablica Dominicana, por su cercan\u00eda y por la relaci\u00f3n de negocios que hemos tenido durante a\u00f1os, y nuestra misi\u00f3n como C\u00e1mara de Comercio ser\u00e1 la de promover y estimular el intercambio comercial entre nuestros pueblos\u201d, agreg\u00f3.<br>Manifest\u00f3 que se proponen realizar un amplio programa de seminarios, encuentros de negocios, para afianzar el intercambio comercial, formalizar las relaciones y orientar sobre la mejor forma de hacer negocios e invertir en esas islas.<\/p>\n\n\n\n<p>De los Santos dijo que hay un amplio campo de oportunidades de negocios, que cuenta con el respaldo de las autoridades nacionales y con la aprobaci\u00f3n del premier Washington Misik, con quien sostuvo un interesante encuentro en su visita a providenciales, junto a una comisi\u00f3n de la C\u00e1mara, en la cual demostr\u00f3 mucho inter\u00e9s en fomentar el comercio y trabajar en diferentes \u00e1reas para el beneficio de las dos naciones.<\/p>\n","protected":false},"excerpt":{"rendered":"<p>Santo Domingo, R.D.&nbsp;05 de abril 2023.\u2013&nbsp;La cercan\u00eda geograf\u00eda de la Rep\u00fablica Dominicana con las Islas Turcas y Caicos, el clima de inversi\u00f3n y la estabilidad que gozan los dos pa\u00edses&hellip; <\/p>\n","protected":false},"author":2,"featured_media":27134,"comment_status":"closed","ping_status":"closed","sticky":false,"template":"","format":"standard","meta":{"fifu_image_url":"","fifu_image_alt":"","footnotes":""},"categories":[74],"tags":[],"class_list":["post-27133","post","type-post","status-publish","format-standard","has-post-thumbnail","hentry","category-comercio-internacional"],"_links":{"self":[{"href":"https:\/\/elmundodelosnegocios.com.do\/v1\/wp-json\/wp\/v2\/posts\/27133","targetHints":{"allow":["GET"]}}],"collection":[{"href":"https:\/\/elmundodelosnegocios.com.do\/v1\/wp-json\/wp\/v2\/posts"}],"about":[{"href":"https:\/\/elmundodelosnegocios.com.do\/v1\/wp-json\/wp\/v2\/types\/post"}],"author":[{"embeddable":true,"href":"https:\/\/elmundodelosnegocios.com.do\/v1\/wp-json\/wp\/v2\/users\/2"}],"replies":[{"embeddable":true,"href":"https:\/\/elmundodelosnegocios.com.do\/v1\/wp-json\/wp\/v2\/comments?post=27133"}],"version-history":[{"count":0,"href":"https:\/\/elmundodelosnegocios.com.do\/v1\/wp-json\/wp\/v2\/posts\/27133\/revisions"}],"wp:featuredmedia":[{"embeddable":true,"href":"https:\/\/elmundodelosnegocios.com.do\/v1\/wp-json\/wp\/v2\/media\/27134"}],"wp:attachment":[{"href":"https:\/\/elmundodelosnegocios.com.do\/v1\/wp-json\/wp\/v2\/media?parent=27133"}],"wp:term":[{"taxonomy":"category","embeddable":true,"href":"https:\/\/elmundodelosnegocios.com.do\/v1\/wp-json\/wp\/v2\/categories?post=27133"},{"taxonomy":"post_tag","embeddable":true,"href":"https:\/\/elmundodelosnegocios.com.do\/v1\/wp-json\/wp\/v2\/tags?post=27133"}],"curies":[{"name":"wp","href":"https:\/\/api.w.org\/{rel}","templated":true}]}}