{"id":27145,"date":"2023-04-06T13:37:18","date_gmt":"2023-04-06T18:07:18","guid":{"rendered":"https:\/\/elmundodelosnegocios.com.do\/v1\/?p=27145"},"modified":"2023-04-06T13:37:20","modified_gmt":"2023-04-06T18:07:20","slug":"vicepresidenta-dominicana-y-primer-ministro-coreano-hablan-de-un-tlc-entre-ambos-paises","status":"publish","type":"post","link":"https:\/\/elmundodelosnegocios.com.do\/v1\/vicepresidenta-dominicana-y-primer-ministro-coreano-hablan-de-un-tlc-entre-ambos-paises\/","title":{"rendered":"Vicepresidenta dominicana y primer ministro coreano hablan de un TLC entre ambos pa\u00edses"},"content":{"rendered":"\n<p>Se\u00fal, Corea.- La vicepresidenta de la Rep\u00fablica,&nbsp;<strong>Raquel Pe\u00f1a<\/strong>, y el primer ministro coreano,&nbsp;<strong>Han Duck-soo<\/strong>, conversaron este jueves sobre la posibilidad de un&nbsp;<strong>Tratado de Libre Comercio (TLC) entre los dos pa\u00edses,<\/strong>&nbsp;para asegurarse tanto la&nbsp;<strong>seguridad econ\u00f3mica<\/strong>&nbsp;como la&nbsp;<strong>seguridad alimentaria<\/strong>.<\/p>\n\n\n\n<p>Durante un encuentro celebrado en Se\u00fal, las partes hablaron tambi\u00e9n de la importancia de las relaciones de ambos pa\u00edses, que cumplir\u00e1n&nbsp;<strong>60 a\u00f1os<\/strong>&nbsp;el pr\u00f3ximo 2024.<\/p>\n\n\n\n<p>Fue a prop\u00f3sito de esas relaciones que el primer ministro coreano manifest\u00f3 el inter\u00e9s de su pa\u00eds de&nbsp;<strong>ampliarlas e incursionar en algunas otras \u00e1reas,&nbsp;<\/strong>adem\u00e1s de aquellas donde ya incursionan.<\/p>\n\n\n\n<p>El se\u00f1or Han Duck-soo, dijo que Rep\u00fablica Dominicana, como&nbsp;<strong>l\u00edder en la regi\u00f3n de Centroam\u00e9rica y el Caribe<\/strong>, era muy importante para Corea.<\/p>\n\n\n\n<figure class=\"wp-block-image\"><img decoding=\"async\" src=\"https:\/\/presidencia.gob.do\/sites\/default\/files\/content\/F6951347-452F-496A-B54A-CB7156D2E511.jpeg\" alt=\"\"\/><\/figure>\n\n\n\n<p>Record\u00f3 que Corea tiene varios programas de&nbsp;<strong>colaboraci\u00f3n<\/strong>&nbsp;con Rep\u00fablica Dominicana entre ellos cit\u00f3&nbsp;<strong>la agricultura y las becas.<\/strong><\/p>\n\n\n\n<p>El primer ministro Duck-soo le manifest\u00f3 a la vicepresidenta Pe\u00f1a que su pa\u00eds estar\u00eda dispuesto a colaborar con Rep\u00fablica Dominicana en materia de&nbsp;<strong>comercio, energ\u00eda, infraestructuras, y transporte,<\/strong>&nbsp;entre otros.<\/p>\n\n\n\n<p>La vicepresidenta dominicana acogi\u00f3 como<strong>&nbsp;algo positivo<\/strong>&nbsp;para el pa\u00eds&nbsp;<strong>la disposici\u00f3n de Corea&nbsp;<\/strong>en cuanto a ampliar a\u00fan m\u00e1s las&nbsp;<strong>relaciones entre las dos naciones<\/strong>.<\/p>\n\n\n\n<p>Junto a la vicepresidenta Raquel Pe\u00f1a, participaron en el encuentro el ministro Antonio Almonte, de Energ\u00eda y Minas; V\u00edctor Bison\u00f3, de Industria y Comercio; P\u00e1vel Isa, de Econom\u00eda Planificaci\u00f3n y Desarrollo; as\u00ed como Hugo Rivera, viceministro de Relaciones Exteriores, y el embajador dominicano en Corea, Federico Cuello.<\/p>\n","protected":false},"excerpt":{"rendered":"<p>Se\u00fal, Corea.- La vicepresidenta de la Rep\u00fablica,&nbsp;Raquel Pe\u00f1a, y el primer ministro coreano,&nbsp;Han Duck-soo, conversaron este jueves sobre la posibilidad de un&nbsp;Tratado de Libre Comercio (TLC) entre los dos pa\u00edses,&nbsp;para&hellip; <\/p>\n","protected":false},"author":2,"featured_media":27146,"comment_status":"closed","ping_status":"closed","sticky":false,"template":"","format":"standard","meta":{"fifu_image_url":"","fifu_image_alt":"","footnotes":""},"categories":[254],"tags":[],"class_list":["post-27145","post","type-post","status-publish","format-standard","has-post-thumbnail","hentry","category-relaciones-internacionales"],"_links":{"self":[{"href":"https:\/\/elmundodelosnegocios.com.do\/v1\/wp-json\/wp\/v2\/posts\/27145","targetHints":{"allow":["GET"]}}],"collection":[{"href":"https:\/\/elmundodelosnegocios.com.do\/v1\/wp-json\/wp\/v2\/posts"}],"about":[{"href":"https:\/\/elmundodelosnegocios.com.do\/v1\/wp-json\/wp\/v2\/types\/post"}],"author":[{"embeddable":true,"href":"https:\/\/elmundodelosnegocios.com.do\/v1\/wp-json\/wp\/v2\/users\/2"}],"replies":[{"embeddable":true,"href":"https:\/\/elmundodelosnegocios.com.do\/v1\/wp-json\/wp\/v2\/comments?post=27145"}],"version-history":[{"count":0,"href":"https:\/\/elmundodelosnegocios.com.do\/v1\/wp-json\/wp\/v2\/posts\/27145\/revisions"}],"wp:featuredmedia":[{"embeddable":true,"href":"https:\/\/elmundodelosnegocios.com.do\/v1\/wp-json\/wp\/v2\/media\/27146"}],"wp:attachment":[{"href":"https:\/\/elmundodelosnegocios.com.do\/v1\/wp-json\/wp\/v2\/media?parent=27145"}],"wp:term":[{"taxonomy":"category","embeddable":true,"href":"https:\/\/elmundodelosnegocios.com.do\/v1\/wp-json\/wp\/v2\/categories?post=27145"},{"taxonomy":"post_tag","embeddable":true,"href":"https:\/\/elmundodelosnegocios.com.do\/v1\/wp-json\/wp\/v2\/tags?post=27145"}],"curies":[{"name":"wp","href":"https:\/\/api.w.org\/{rel}","templated":true}]}}