{"id":27172,"date":"2023-04-10T10:11:57","date_gmt":"2023-04-10T14:41:57","guid":{"rendered":"https:\/\/elmundodelosnegocios.com.do\/v1\/?p=27172"},"modified":"2023-04-10T10:11:59","modified_gmt":"2023-04-10T14:41:59","slug":"concluyen-vicepresidenta-pena-y-ministros-relevante-jornada-japon-y-corea","status":"publish","type":"post","link":"https:\/\/elmundodelosnegocios.com.do\/v1\/concluyen-vicepresidenta-pena-y-ministros-relevante-jornada-japon-y-corea\/","title":{"rendered":"Concluyen Vicepresidenta Pena y Ministros relevante jornada Jap\u00f3n y Corea"},"content":{"rendered":"\n<p><strong>Se\u00fal,<\/strong>&nbsp;Corea. Abril 10, 2023.- La vicepresidenta de la Rep\u00fablica concluy\u00f3 este s\u00e1bado su viaje a Se\u00fal, Corea del Sur, donde agot\u00f3 una importante agenda que incluy\u00f3 encuentros con varios sectores.<\/p>\n\n\n\n<p>La Vice mandataria Raquel Pe\u00f1a, quien lleg\u00f3 a la capital coreana el pasado mi\u00e9rcoles tras concluir una visita a Jap\u00f3n de cuatro d\u00edas, defini\u00f3 la gira de altamente positiva y beneficiosa para el pa\u00eds.<\/p>\n\n\n\n<p>La misma impresi\u00f3n se llevaron los ministros P\u00e1vel Isa Contreras, de Econom\u00eda, Planificaci\u00f3n y Desarrollo; Antonio Almonte, de Energ\u00eda y Minas; Victor Bison\u00f2, de Industria, Comercio y Mipymes, as\u00ed como la directora Viviana Rivieiro, de ProDominicana, quienes le acompa\u00f1aron, junto al embajador dominicano Federico Cuello Camilo.<\/p>\n\n\n\n<p>Los empresarios Manuel Corripio Alonso, vicepresidente del Grupo Corripio y representante en el pa\u00eds de la empresa Samsung; y Avelino Rodr\u00edguez, presidente de la C\u00e1mara Dominico-Coreana, quienes tambi\u00e9n acompa\u00f1aron a la vicepresidenta en el viaje, calificaron el mismo de beneficioso para la Rep\u00fablica Dominicana, de manera particular, y de fortalecimiento de las relaciones para ambos pa\u00edses.<\/p>\n\n\n\n<p>La vicepresidenta se reuni\u00f3 con el primer ministro coreano Han Duck-soo, quien calific\u00f3 la visita de \u00e9sta de altamente importante, pues fue la primera de ese nivel en los \u00faltimos 17 a\u00f1os.<\/p>\n\n\n\n<p>Salud\u00f3 la visita, indicando que la misma se produc\u00eda al cumplirse, pr\u00f3ximamente, 60 a\u00f1os del inicio de las relaciones bilaterales entre Rep\u00fablica Dominicana y Corea.<\/p>\n\n\n\n<p>Otras reuniones importantes sostuvo la vicepresidenta Pe\u00f1a, con el se\u00f1or Ban Ki-Moon, ex secretario general de las Naciones Unidas (ONU) y actual presidente de la asamblea del Instituto Global para \u00e9l Crecimiento Verde, a quien se le hizo entrega de una comunicaci\u00f3n donde se solicita el ingreso como miembro de la Rep\u00fablica Dominicana.<\/p>\n\n\n\n<p>Tambi\u00e9n la delegaci\u00f3n dominicana, encabezada por la vicepresidenta sostuvo encuentros con Hee-sung Yoon, presidente del Banco de Exportaciones e Importaciones de Corea (Eximbank); as\u00ed como con HyeongJung Yoon, presidente de la Corporaci\u00f3n de Aeropuertos de Corea.<\/p>\n\n\n\n<p>La visita a Corea fue aprovechada por la Vice mandataria para hacer formal solicitud para el ingreso como miembro de la Rep\u00fablica Dominicana, en el Instituto Internacional de las Vacunas.&nbsp;<\/p>\n\n\n\n<p>Reuniones con el doctor TM Roch, CEO de la empresa Samsung Mobile y sus principales ejecutivos; y como una visita a su casa matriz; As\u00ed como con el se\u00f1or Jae Hoon Vhang, presidente de Hyundai Motors Company, formaron parte de la agenda de la visita a Corea de la vicepresidenta.<\/p>\n\n\n\n<p>Otras reuniones fueron con Dong Chul Cho, presidente del importante Instituto de Desarrollo de Corea (KDI); con bayoneta Joon Kim, presidente de la Federaci\u00f3n de Industrias Coreanas, y sus directivos; con el se\u00f1or Jae-Won Chey, director ejecutivo del Grupo SK; con el ministro de Comercio del ministerio de Comercio Industria y Energ\u00eda (MOTIE), con quien se firm\u00f3 un documento para el establecimiento de un grupo de trabajo sobre comercio, inversi\u00f3n, cadenas productivas y energ\u00eda.<\/p>\n\n\n\n<p>Tambi\u00e9n se llev\u00f3 a cabo una reuni\u00f3n de trabajo con el presidente de la empresa Hanjin Group (Korean Air), se\u00f1or Won-tae (Walter) Cho; y con Young-ILSon, presidente de Dohwa Engineering;&nbsp;<\/p>\n\n\n\n<p>La agenda vicepresidencial en Corea, concluy\u00f3 con una importante reuni\u00f3n Won Hae-ryong, ministro de Tierras, Infraestructuras y Transparente; y otra reuni\u00f3n de trabajo con el presidente y CEO de la empresa KEPCO.<\/p>\n\n\n\n<p>Tanto las autoridades dominicanas,&nbsp; como las coreanas, coincidieron en se\u00f1alar que las expectativas de trabajos conjuntos en distintas \u00e1reas son muy altas y manifestaron que los resultados podr\u00edan verse r\u00e1pidamente.<\/p>\n\n\n\n<p>Las \u00e1reas de transporte y energ\u00eda fueron temas en los cuales las partes dedicaron los mayores esfuerzos de entendimiento, dejando a las altas instancias, las decisiones finales.-,<\/p>\n","protected":false},"excerpt":{"rendered":"<p>Se\u00fal,&nbsp;Corea. Abril 10, 2023.- La vicepresidenta de la Rep\u00fablica concluy\u00f3 este s\u00e1bado su viaje a Se\u00fal, Corea del Sur, donde agot\u00f3 una importante agenda que incluy\u00f3 encuentros con varios sectores.&hellip; <\/p>\n","protected":false},"author":2,"featured_media":27173,"comment_status":"closed","ping_status":"closed","sticky":false,"template":"","format":"standard","meta":{"fifu_image_url":"","fifu_image_alt":"","footnotes":""},"categories":[74],"tags":[],"class_list":["post-27172","post","type-post","status-publish","format-standard","has-post-thumbnail","hentry","category-comercio-internacional"],"_links":{"self":[{"href":"https:\/\/elmundodelosnegocios.com.do\/v1\/wp-json\/wp\/v2\/posts\/27172","targetHints":{"allow":["GET"]}}],"collection":[{"href":"https:\/\/elmundodelosnegocios.com.do\/v1\/wp-json\/wp\/v2\/posts"}],"about":[{"href":"https:\/\/elmundodelosnegocios.com.do\/v1\/wp-json\/wp\/v2\/types\/post"}],"author":[{"embeddable":true,"href":"https:\/\/elmundodelosnegocios.com.do\/v1\/wp-json\/wp\/v2\/users\/2"}],"replies":[{"embeddable":true,"href":"https:\/\/elmundodelosnegocios.com.do\/v1\/wp-json\/wp\/v2\/comments?post=27172"}],"version-history":[{"count":0,"href":"https:\/\/elmundodelosnegocios.com.do\/v1\/wp-json\/wp\/v2\/posts\/27172\/revisions"}],"wp:featuredmedia":[{"embeddable":true,"href":"https:\/\/elmundodelosnegocios.com.do\/v1\/wp-json\/wp\/v2\/media\/27173"}],"wp:attachment":[{"href":"https:\/\/elmundodelosnegocios.com.do\/v1\/wp-json\/wp\/v2\/media?parent=27172"}],"wp:term":[{"taxonomy":"category","embeddable":true,"href":"https:\/\/elmundodelosnegocios.com.do\/v1\/wp-json\/wp\/v2\/categories?post=27172"},{"taxonomy":"post_tag","embeddable":true,"href":"https:\/\/elmundodelosnegocios.com.do\/v1\/wp-json\/wp\/v2\/tags?post=27172"}],"curies":[{"name":"wp","href":"https:\/\/api.w.org\/{rel}","templated":true}]}}