{"id":27205,"date":"2023-04-11T06:46:52","date_gmt":"2023-04-11T11:16:52","guid":{"rendered":"http:\/\/elmundodelosnegocios.com.do\/v1\/?p=27205"},"modified":"2023-04-11T06:46:54","modified_gmt":"2023-04-11T11:16:54","slug":"circulo-cultura-democratica-presidira-comite-veeduria-pacto-educativo","status":"publish","type":"post","link":"https:\/\/elmundodelosnegocios.com.do\/v1\/circulo-cultura-democratica-presidira-comite-veeduria-pacto-educativo\/","title":{"rendered":"C\u00edrculo Cultura Democr\u00e1tica presidir\u00e1 Comit\u00e9 Veedur\u00eda Pacto Educativo"},"content":{"rendered":"\n<p>Santo Domingo, D.N.- El C\u00edrculo de Cultura Democr\u00e1tica (CCD) fue escogido como organizaci\u00f3n coordinadora del Comit\u00e9 de Veedur\u00eda del Pacto Nacional para la Reforma del Sector Educativo para el per\u00edodo 2023- 2024.&nbsp;<\/p>\n\n\n\n<p>En su primera reuni\u00f3n ordinaria, celebrada el pasado 22 de marzo, se eligi\u00f3 a unanimidad el C\u00edrculo de Cultura Democr\u00e1tica en la persona del maestro V\u00edctor S\u00e1nchez, para la coordinaci\u00f3n del comit\u00e9, sustituyendo en esta funci\u00f3n a Acci\u00f3n Empresarial para la Educaci\u00f3n (EDUCA).<\/p>\n\n\n\n<p>La Dra. Zoraima Cuello, presidenta del CCD, agradeci\u00f3 la confianza otorgada a este centro de pensamiento e investigaci\u00f3n, pues con la misma se reconoce el nivel de profesionalidad, compromiso, experiencia y competencias del equipo que conforma la comisi\u00f3n de Educaci\u00f3n del C\u00edrculo, quienes contribuyen, con sus an\u00e1lisis y recomendaciones, a la mejora de la calidad de la educaci\u00f3n, a trav\u00e9s de investigaciones rigurosas sobre este \u00e1mbito.<\/p>\n\n\n\n<p>El Comit\u00e9 de Veedur\u00eda tiene a su cargo garantizar una auditor\u00eda social que pueda certificar el debido cumplimiento de los compromisos asumidos por todos los actores involucrados, para el logro de los objetivos propuestos en el Pacto Educativo.&nbsp;<\/p>\n\n\n\n<p>Para conformar este mecanismo de seguimiento, la comitiva est\u00e1 integrada, adem\u00e1s, por el Colegio Dominicano de Ingenieros y Agrimensores (CODIA), la Asociaci\u00f3n de Industriales de la Regi\u00f3n Norte (AIREN), el Consejo Dominicano de Unidad Evang\u00e9lica (CODUE), la Federaci\u00f3n Nacional de Discapacitados Dominicanos (FENADID), La Salle y el Instituto Superior de Estudios Educativos Pedro Poveda (ISESP).&nbsp;&nbsp;<\/p>\n\n\n\n<p>La doctora Cuello felicit\u00f3 al maestro V\u00edctor S\u00e1nchez J\u00e1quez, coordinador de la comisi\u00f3n y a cada uno de sus integrantes, Jes\u00fas Manuel Soriano, Andr\u00e9s de las Mercedes, Ronald Santana y Andrea de los Santos, en quienes recae esta importante responsabilidad.<\/p>\n\n\n\n<p>Dentro de las principales funciones del comit\u00e9 de veedur\u00eda figuran la facultad de recibir denuncias de incumplimientos, solicitar a las entidades ejecutoras y con responsabilidad directa en el cumplimiento de lo pactado la rendici\u00f3n de cuentas correspondientes y tambi\u00e9n presentar ante la plenaria del pacto un informe anual de veedur\u00eda.<\/p>\n\n\n\n<p><strong>Sobre el C\u00edrculo de Cultura Democr\u00e1tica&nbsp;<\/strong><\/p>\n\n\n\n<p>Es una entidad sin fines de lucro dedicada a estudiar y analizar las din\u00e1micas sociales, institucionales, pol\u00edticas comerciales y culturales, para el fortalecimiento de las pol\u00edticas p\u00fablicas de la Rep\u00fablica Dominicana.<\/p>\n","protected":false},"excerpt":{"rendered":"<p>Santo Domingo, D.N.- El C\u00edrculo de Cultura Democr\u00e1tica (CCD) fue escogido como organizaci\u00f3n coordinadora del Comit\u00e9 de Veedur\u00eda del Pacto Nacional para la Reforma del Sector Educativo para el per\u00edodo&hellip; <\/p>\n","protected":false},"author":2,"featured_media":27206,"comment_status":"closed","ping_status":"closed","sticky":false,"template":"","format":"standard","meta":{"fifu_image_url":"","fifu_image_alt":"","footnotes":""},"categories":[94],"tags":[],"class_list":["post-27205","post","type-post","status-publish","format-standard","has-post-thumbnail","hentry","category-finanzas"],"_links":{"self":[{"href":"https:\/\/elmundodelosnegocios.com.do\/v1\/wp-json\/wp\/v2\/posts\/27205","targetHints":{"allow":["GET"]}}],"collection":[{"href":"https:\/\/elmundodelosnegocios.com.do\/v1\/wp-json\/wp\/v2\/posts"}],"about":[{"href":"https:\/\/elmundodelosnegocios.com.do\/v1\/wp-json\/wp\/v2\/types\/post"}],"author":[{"embeddable":true,"href":"https:\/\/elmundodelosnegocios.com.do\/v1\/wp-json\/wp\/v2\/users\/2"}],"replies":[{"embeddable":true,"href":"https:\/\/elmundodelosnegocios.com.do\/v1\/wp-json\/wp\/v2\/comments?post=27205"}],"version-history":[{"count":0,"href":"https:\/\/elmundodelosnegocios.com.do\/v1\/wp-json\/wp\/v2\/posts\/27205\/revisions"}],"wp:featuredmedia":[{"embeddable":true,"href":"https:\/\/elmundodelosnegocios.com.do\/v1\/wp-json\/wp\/v2\/media\/27206"}],"wp:attachment":[{"href":"https:\/\/elmundodelosnegocios.com.do\/v1\/wp-json\/wp\/v2\/media?parent=27205"}],"wp:term":[{"taxonomy":"category","embeddable":true,"href":"https:\/\/elmundodelosnegocios.com.do\/v1\/wp-json\/wp\/v2\/categories?post=27205"},{"taxonomy":"post_tag","embeddable":true,"href":"https:\/\/elmundodelosnegocios.com.do\/v1\/wp-json\/wp\/v2\/tags?post=27205"}],"curies":[{"name":"wp","href":"https:\/\/api.w.org\/{rel}","templated":true}]}}