{"id":27208,"date":"2023-04-11T06:55:38","date_gmt":"2023-04-11T11:25:38","guid":{"rendered":"http:\/\/elmundodelosnegocios.com.do\/v1\/?p=27208"},"modified":"2023-04-11T06:55:40","modified_gmt":"2023-04-11T11:25:40","slug":"fernandez-valora-apoyo-empresario-lanzamiento-fuerza-emprendedora","status":"publish","type":"post","link":"https:\/\/elmundodelosnegocios.com.do\/v1\/fernandez-valora-apoyo-empresario-lanzamiento-fuerza-emprendedora\/","title":{"rendered":"Fern\u00e1ndez valora apoyo empresario lanzamiento Fuerza Emprendedora\u00a0"},"content":{"rendered":"\n<p><strong>SANTO DOMINGO<\/strong>, R.D Abril 11, 2023.-\u00a0El expresidente Leonel Fernandez agradeci\u00f3 el apoyo del empresario Elmin Noboa, durante el acto de lanzamiento del movimiento Fuerza Emprendedora, que respalda las aspiraciones del ex gobernante de cara al pr\u00f3ximo torneo electoral.<\/p>\n\n\n\n<p>El exjefe de Estado precis\u00f3 que recibe el respaldo del empresario y su equipo con gran benepl\u00e1cito el gesto de pasar a respaldar al partido Fuerza del Pueblo.<br>\u201cAgradezco inmensamente ese gesto de solidaridad y apoyo a la expansi\u00f3n que hoy d\u00eda experimenta la Fuerza del Pueblo\u201d, asegur\u00f3 Fern\u00e1ndez.<\/p>\n\n\n\n<p>Leonel Fern\u00e1ndez dijo que dentro de los planes la Fuerza del Pueblo est\u00e1 seguir creciendo dentro de la diversidad de grupos y sectores que respaldan a la entidad opositora.<br>Describi\u00f3 al movimiento Fuerza Emprendedora comFero parte de la l\u00ednea de crecimiento que desarrolla el partido de cara a las elecciones del 2024.<br>De su lado, el emprendedor invit\u00f3 a su equipo a trabajar para aglutinar, formar y acompa\u00f1ar a todos los j\u00f3venes adultos para progresar por la v\u00eda del emprendimiento.<\/p>\n\n\n\n<p>&nbsp;Noboa detall\u00f3 que con Fern\u00e1ndez en el poder los j\u00f3venes no tendr\u00e1n la necesidad de irse por M\u00e9xico o Guatemala, ni por ning\u00fan lugar, ya que la Fuerza del Pueblo crear\u00e1 las condiciones para que la juventud no tenga que salir de su pa\u00eds.<\/p>\n\n\n\n<p>\u201cCon usted, se\u00f1or presidente, la vuelta ser\u00e1 aqu\u00ed en Rep\u00fablica Dominicana\u201d, refrend\u00f3.<br>Continu\u00f3 diciendo que el movimiento Fuerza Emprendedora trabajar\u00e1 para aglutinar en sus filas a personas que tienen y desean tener un emprendimiento en todo el territorio nacional.<br>Al acto de lanzamiento asistieron unas 800 personas, las cuales asumieron &nbsp;el reto de trabajar y seguir creciendo para llevar a la Fuerza del Pueblo al poder en el 2024.<\/p>\n","protected":false},"excerpt":{"rendered":"<p>SANTO DOMINGO, R.D Abril 11, 2023.-\u00a0El expresidente Leonel Fernandez agradeci\u00f3 el apoyo del empresario Elmin Noboa, durante el acto de lanzamiento del movimiento Fuerza Emprendedora, que respalda las aspiraciones del&hellip; <\/p>\n","protected":false},"author":2,"featured_media":27209,"comment_status":"closed","ping_status":"closed","sticky":false,"template":"","format":"standard","meta":{"fifu_image_url":"","fifu_image_alt":"","footnotes":""},"categories":[231],"tags":[],"class_list":["post-27208","post","type-post","status-publish","format-standard","has-post-thumbnail","hentry","category-politica"],"_links":{"self":[{"href":"https:\/\/elmundodelosnegocios.com.do\/v1\/wp-json\/wp\/v2\/posts\/27208","targetHints":{"allow":["GET"]}}],"collection":[{"href":"https:\/\/elmundodelosnegocios.com.do\/v1\/wp-json\/wp\/v2\/posts"}],"about":[{"href":"https:\/\/elmundodelosnegocios.com.do\/v1\/wp-json\/wp\/v2\/types\/post"}],"author":[{"embeddable":true,"href":"https:\/\/elmundodelosnegocios.com.do\/v1\/wp-json\/wp\/v2\/users\/2"}],"replies":[{"embeddable":true,"href":"https:\/\/elmundodelosnegocios.com.do\/v1\/wp-json\/wp\/v2\/comments?post=27208"}],"version-history":[{"count":0,"href":"https:\/\/elmundodelosnegocios.com.do\/v1\/wp-json\/wp\/v2\/posts\/27208\/revisions"}],"wp:featuredmedia":[{"embeddable":true,"href":"https:\/\/elmundodelosnegocios.com.do\/v1\/wp-json\/wp\/v2\/media\/27209"}],"wp:attachment":[{"href":"https:\/\/elmundodelosnegocios.com.do\/v1\/wp-json\/wp\/v2\/media?parent=27208"}],"wp:term":[{"taxonomy":"category","embeddable":true,"href":"https:\/\/elmundodelosnegocios.com.do\/v1\/wp-json\/wp\/v2\/categories?post=27208"},{"taxonomy":"post_tag","embeddable":true,"href":"https:\/\/elmundodelosnegocios.com.do\/v1\/wp-json\/wp\/v2\/tags?post=27208"}],"curies":[{"name":"wp","href":"https:\/\/api.w.org\/{rel}","templated":true}]}}